{"id":215,"date":"2026-06-18T18:45:30","date_gmt":"2026-06-18T18:45:30","guid":{"rendered":"https:\/\/sospedro.com.br\/?p=215"},"modified":"2026-06-18T18:45:32","modified_gmt":"2026-06-18T18:45:32","slug":"calca-jeans-masculina-20-ideias-de-looks-para-se-inspirar","status":"publish","type":"post","link":"https:\/\/sospedro.com.br\/calca-jeans-masculina-20-ideias-de-looks-para-se-inspirar\/","title":{"rendered":"Cal\u00e7a Jeans Masculina: 20 Ideias de Looks para se Inspirar"},"content":{"rendered":"\n<p class=\"wp-block-paragraph\">Poucas pe\u00e7as salvam tantos looks quanto a <strong>cal\u00e7a jeans masculina<\/strong>. Quando bate aquela d\u00favida na frente do guarda-roupa, o jeans quase sempre resolve o problema. E n\u00e3o \u00e9 por acaso. Ele combina com praticamente tudo e funciona em diferentes ocasi\u00f5es.<\/p>\n\n\n\n<p class=\"wp-block-paragraph\">Eu mesmo j\u00e1 perdi a conta de quantas vezes uma boa cal\u00e7a jeans salvou meu visual quando eu estava sem criatividade. Afinal, ningu\u00e9m quer parecer que escolheu a roupa no escuro \u00e0s seis da manh\u00e3.<\/p>\n\n\n\n<p class=\"wp-block-paragraph\">Se voc\u00ea procura <strong>ideias de looks com cal\u00e7a jeans masculina<\/strong>, chegou ao lugar certo. Confira 20 inspira\u00e7\u00f5es simples, modernas e f\u00e1ceis de reproduzir.<\/p>\n\n\n\n<h2 class=\"wp-block-heading\">Cal\u00e7a Jeans Masculina com Camiseta B\u00e1sica<\/h2>\n\n\n\n<figure class=\"wp-block-image size-large is-resized\"><img loading=\"lazy\" decoding=\"async\" width=\"687\" height=\"1024\" src=\"https:\/\/sospedro.com.br\/wp-content\/uploads\/2026\/06\/Calca-Jeans-Masculina-com-Camiseta-Basica-687x1024.jpeg\" alt=\"\" class=\"wp-image-218\" style=\"aspect-ratio:0.6709036530655843;width:768px;height:auto\" srcset=\"https:\/\/sospedro.com.br\/wp-content\/uploads\/2026\/06\/Calca-Jeans-Masculina-com-Camiseta-Basica-687x1024.jpeg 687w, https:\/\/sospedro.com.br\/wp-content\/uploads\/2026\/06\/Calca-Jeans-Masculina-com-Camiseta-Basica-201x300.jpeg 201w, https:\/\/sospedro.com.br\/wp-content\/uploads\/2026\/06\/Calca-Jeans-Masculina-com-Camiseta-Basica-150x223.jpeg 150w, https:\/\/sospedro.com.br\/wp-content\/uploads\/2026\/06\/Calca-Jeans-Masculina-com-Camiseta-Basica.jpeg 727w\" sizes=\"auto, (max-width: 687px) 100vw, 687px\" \/><figcaption class=\"wp-element-caption\">Cal\u00e7a Jeans Masculina com Camiseta B\u00e1sica<\/figcaption><\/figure>\n\n\n\n<h3 class=\"wp-block-heading\">Cal\u00e7a Jeans Masculina com Camiseta Branca<\/h3>\n\n\n\n<figure class=\"wp-block-image size-large is-resized\"><img loading=\"lazy\" decoding=\"async\" width=\"573\" height=\"1024\" src=\"https:\/\/sospedro.com.br\/wp-content\/uploads\/2026\/06\/Calca-Jeans-Masculina-com-Camiseta-Branca-573x1024.jpeg\" alt=\"\" class=\"wp-image-219\" style=\"aspect-ratio:0.5595635919737545;width:745px;height:auto\" srcset=\"https:\/\/sospedro.com.br\/wp-content\/uploads\/2026\/06\/Calca-Jeans-Masculina-com-Camiseta-Branca-573x1024.jpeg 573w, https:\/\/sospedro.com.br\/wp-content\/uploads\/2026\/06\/Calca-Jeans-Masculina-com-Camiseta-Branca-168x300.jpeg 168w, https:\/\/sospedro.com.br\/wp-content\/uploads\/2026\/06\/Calca-Jeans-Masculina-com-Camiseta-Branca-150x268.jpeg 150w, https:\/\/sospedro.com.br\/wp-content\/uploads\/2026\/06\/Calca-Jeans-Masculina-com-Camiseta-Branca.jpeg 735w\" sizes=\"auto, (max-width: 573px) 100vw, 573px\" \/><\/figure>\n\n\n\n<p class=\"wp-block-paragraph\">O cl\u00e1ssico dos cl\u00e1ssicos.<\/p>\n\n\n\n<p class=\"wp-block-paragraph\">Limpo, vers\u00e1til e imposs\u00edvel de errar.<\/p>\n\n\n\n<h3 class=\"wp-block-heading\">Cal\u00e7a Jeans Masculina com Camiseta Preta<\/h3>\n\n\n\n<figure class=\"wp-block-image size-large is-resized\"><img loading=\"lazy\" decoding=\"async\" width=\"725\" height=\"1024\" src=\"https:\/\/sospedro.com.br\/wp-content\/uploads\/2026\/06\/Calca-Jeans-Masculina-com-Camiseta-Preta-725x1024.jpeg\" alt=\"\" class=\"wp-image-220\" style=\"aspect-ratio:0.708018616006714;width:754px;height:auto\" srcset=\"https:\/\/sospedro.com.br\/wp-content\/uploads\/2026\/06\/Calca-Jeans-Masculina-com-Camiseta-Preta-725x1024.jpeg 725w, https:\/\/sospedro.com.br\/wp-content\/uploads\/2026\/06\/Calca-Jeans-Masculina-com-Camiseta-Preta-213x300.jpeg 213w, https:\/\/sospedro.com.br\/wp-content\/uploads\/2026\/06\/Calca-Jeans-Masculina-com-Camiseta-Preta-150x212.jpeg 150w, https:\/\/sospedro.com.br\/wp-content\/uploads\/2026\/06\/Calca-Jeans-Masculina-com-Camiseta-Preta.jpeg 736w\" sizes=\"auto, (max-width: 725px) 100vw, 725px\" \/><\/figure>\n\n\n\n<p class=\"wp-block-paragraph\">Uma combina\u00e7\u00e3o simples que sempre transmite estilo.<\/p>\n\n\n\n<p class=\"wp-block-paragraph\">Ideal para quem gosta de um visual discreto.<\/p>\n\n\n\n<h3 class=\"wp-block-heading\">Cal\u00e7a Jeans Masculina com Camiseta Oversized<\/h3>\n\n\n\n<figure class=\"wp-block-image size-large is-resized\"><img loading=\"lazy\" decoding=\"async\" width=\"675\" height=\"1024\" src=\"https:\/\/sospedro.com.br\/wp-content\/uploads\/2026\/06\/Calca-Jeans-Masculina-com-Camiseta-Oversized-675x1024.jpeg\" alt=\"\" class=\"wp-image-221\" style=\"aspect-ratio:0.6591897459372854;width:716px;height:auto\" srcset=\"https:\/\/sospedro.com.br\/wp-content\/uploads\/2026\/06\/Calca-Jeans-Masculina-com-Camiseta-Oversized-675x1024.jpeg 675w, https:\/\/sospedro.com.br\/wp-content\/uploads\/2026\/06\/Calca-Jeans-Masculina-com-Camiseta-Oversized-198x300.jpeg 198w, https:\/\/sospedro.com.br\/wp-content\/uploads\/2026\/06\/Calca-Jeans-Masculina-com-Camiseta-Oversized-150x227.jpeg 150w, https:\/\/sospedro.com.br\/wp-content\/uploads\/2026\/06\/Calca-Jeans-Masculina-com-Camiseta-Oversized.jpeg 736w\" sizes=\"auto, (max-width: 675px) 100vw, 675px\" \/><\/figure>\n\n\n\n<p class=\"wp-block-paragraph\">A modelagem ampla deixa o visual moderno e descontra\u00eddo.<\/p>\n\n\n\n<p class=\"wp-block-paragraph\">Perfeito para quem acompanha as tend\u00eancias atuais.<\/p>\n\n\n\n<h3 class=\"wp-block-heading\">Cal\u00e7a Jeans Masculina com Camiseta Estampada<\/h3>\n\n\n\n<figure class=\"wp-block-image size-large is-resized\"><img loading=\"lazy\" decoding=\"async\" width=\"577\" height=\"1024\" src=\"https:\/\/sospedro.com.br\/wp-content\/uploads\/2026\/06\/Calca-Jeans-Masculina-com-Camiseta-Estampada-577x1024.jpeg\" alt=\"\" class=\"wp-image-222\" style=\"aspect-ratio:0.5634784997100741;width:703px;height:auto\" srcset=\"https:\/\/sospedro.com.br\/wp-content\/uploads\/2026\/06\/Calca-Jeans-Masculina-com-Camiseta-Estampada-577x1024.jpeg 577w, https:\/\/sospedro.com.br\/wp-content\/uploads\/2026\/06\/Calca-Jeans-Masculina-com-Camiseta-Estampada-169x300.jpeg 169w, https:\/\/sospedro.com.br\/wp-content\/uploads\/2026\/06\/Calca-Jeans-Masculina-com-Camiseta-Estampada-150x266.jpeg 150w, https:\/\/sospedro.com.br\/wp-content\/uploads\/2026\/06\/Calca-Jeans-Masculina-com-Camiseta-Estampada.jpeg 736w\" sizes=\"auto, (max-width: 577px) 100vw, 577px\" \/><\/figure>\n\n\n\n<p class=\"wp-block-paragraph\">Uma boa estampa adiciona personalidade ao look.<\/p>\n\n\n\n<p class=\"wp-block-paragraph\">O jeans equilibra a composi\u00e7\u00e3o sem exageros.<\/p>\n\n\n\n<h3 class=\"wp-block-heading\">Cal\u00e7a Jeans Masculina com T\u00eanis Branco<\/h3>\n\n\n\n<figure class=\"wp-block-image size-full is-resized\"><img loading=\"lazy\" decoding=\"async\" width=\"564\" height=\"704\" src=\"https:\/\/sospedro.com.br\/wp-content\/uploads\/2026\/06\/Calca-Jeans-Masculina-com-Tenis-Branco.jpeg\" alt=\"\" class=\"wp-image-223\" style=\"aspect-ratio:0.8011497314333911;width:689px;height:auto\" srcset=\"https:\/\/sospedro.com.br\/wp-content\/uploads\/2026\/06\/Calca-Jeans-Masculina-com-Tenis-Branco.jpeg 564w, https:\/\/sospedro.com.br\/wp-content\/uploads\/2026\/06\/Calca-Jeans-Masculina-com-Tenis-Branco-240x300.jpeg 240w, https:\/\/sospedro.com.br\/wp-content\/uploads\/2026\/06\/Calca-Jeans-Masculina-com-Tenis-Branco-150x187.jpeg 150w\" sizes=\"auto, (max-width: 564px) 100vw, 564px\" \/><\/figure>\n\n\n\n<p class=\"wp-block-paragraph\">Uma combina\u00e7\u00e3o minimalista que funciona em qualquer esta\u00e7\u00e3o.<\/p>\n\n\n\n<p class=\"wp-block-paragraph\">Poucas duplas entregam tanto resultado com t\u00e3o pouco esfor\u00e7o.<\/p>\n\n\n\n<h2 class=\"wp-block-heading\">Ideias de Looks Cal\u00e7a Jeans Masculina para o Dia a Dia<\/h2>\n\n\n\n<h3 class=\"wp-block-heading\">Cal\u00e7a Jeans Masculina com Polo<\/h3>\n\n\n\n<figure class=\"wp-block-image size-full\"><img loading=\"lazy\" decoding=\"async\" width=\"736\" height=\"981\" src=\"https:\/\/sospedro.com.br\/wp-content\/uploads\/2026\/06\/Calca-Jeans-Masculina-com-Polo.jpeg\" alt=\"\" class=\"wp-image-224\" srcset=\"https:\/\/sospedro.com.br\/wp-content\/uploads\/2026\/06\/Calca-Jeans-Masculina-com-Polo.jpeg 736w, https:\/\/sospedro.com.br\/wp-content\/uploads\/2026\/06\/Calca-Jeans-Masculina-com-Polo-225x300.jpeg 225w, https:\/\/sospedro.com.br\/wp-content\/uploads\/2026\/06\/Calca-Jeans-Masculina-com-Polo-640x853.jpeg 640w, https:\/\/sospedro.com.br\/wp-content\/uploads\/2026\/06\/Calca-Jeans-Masculina-com-Polo-150x200.jpeg 150w\" sizes=\"auto, (max-width: 736px) 100vw, 736px\" \/><\/figure>\n\n\n\n<p class=\"wp-block-paragraph\">A camisa polo adiciona um toque mais alinhado.<\/p>\n\n\n\n<p class=\"wp-block-paragraph\">Ideal para trabalho e compromissos casuais.<\/p>\n\n\n\n<h3 class=\"wp-block-heading\">Cal\u00e7a Jeans Masculina com Camisa de Linho<\/h3>\n\n\n\n<figure class=\"wp-block-image size-large is-resized\"><img loading=\"lazy\" decoding=\"async\" width=\"640\" height=\"1024\" src=\"https:\/\/sospedro.com.br\/wp-content\/uploads\/2026\/06\/Calca-Jeans-Masculina-com-Camisa-de-Linho-640x1024.jpeg\" alt=\"\" class=\"wp-image-225\" style=\"aspect-ratio:0.6250095368886854;width:716px;height:auto\" srcset=\"https:\/\/sospedro.com.br\/wp-content\/uploads\/2026\/06\/Calca-Jeans-Masculina-com-Camisa-de-Linho-640x1024.jpeg 640w, https:\/\/sospedro.com.br\/wp-content\/uploads\/2026\/06\/Calca-Jeans-Masculina-com-Camisa-de-Linho-188x300.jpeg 188w, https:\/\/sospedro.com.br\/wp-content\/uploads\/2026\/06\/Calca-Jeans-Masculina-com-Camisa-de-Linho-150x240.jpeg 150w, https:\/\/sospedro.com.br\/wp-content\/uploads\/2026\/06\/Calca-Jeans-Masculina-com-Camisa-de-Linho.jpeg 736w\" sizes=\"auto, (max-width: 640px) 100vw, 640px\" \/><\/figure>\n\n\n\n<p class=\"wp-block-paragraph\">O linho traz leveza e sofistica\u00e7\u00e3o.<\/p>\n\n\n\n<p class=\"wp-block-paragraph\">Uma \u00f3tima escolha para dias mais quentes.<\/p>\n\n\n\n<h3 class=\"wp-block-heading\">Cal\u00e7a Jeans Masculina com Camisa Xadrez<\/h3>\n\n\n\n<figure class=\"wp-block-image size-full\"><img loading=\"lazy\" decoding=\"async\" width=\"736\" height=\"883\" src=\"https:\/\/sospedro.com.br\/wp-content\/uploads\/2026\/06\/Calca-Jeans-Masculina-com-Camisa-Xadrez.jpeg\" alt=\"\" class=\"wp-image-226\" srcset=\"https:\/\/sospedro.com.br\/wp-content\/uploads\/2026\/06\/Calca-Jeans-Masculina-com-Camisa-Xadrez.jpeg 736w, https:\/\/sospedro.com.br\/wp-content\/uploads\/2026\/06\/Calca-Jeans-Masculina-com-Camisa-Xadrez-250x300.jpeg 250w, https:\/\/sospedro.com.br\/wp-content\/uploads\/2026\/06\/Calca-Jeans-Masculina-com-Camisa-Xadrez-150x180.jpeg 150w\" sizes=\"auto, (max-width: 736px) 100vw, 736px\" \/><\/figure>\n\n\n\n<p class=\"wp-block-paragraph\">Visual casual com personalidade.<\/p>\n\n\n\n<p class=\"wp-block-paragraph\">Funciona muito bem durante o outono e inverno.<\/p>\n\n\n\n<h3 class=\"wp-block-heading\">Cal\u00e7a Jeans Masculina com Jaqueta Jeans<\/h3>\n\n\n\n<figure class=\"wp-block-image size-large\"><img loading=\"lazy\" decoding=\"async\" width=\"630\" height=\"1024\" src=\"https:\/\/sospedro.com.br\/wp-content\/uploads\/2026\/06\/Calca-Jeans-Masculina-com-Jaqueta-Jeans-630x1024.jpeg\" alt=\"\" class=\"wp-image-227\" srcset=\"https:\/\/sospedro.com.br\/wp-content\/uploads\/2026\/06\/Calca-Jeans-Masculina-com-Jaqueta-Jeans-630x1024.jpeg 630w, https:\/\/sospedro.com.br\/wp-content\/uploads\/2026\/06\/Calca-Jeans-Masculina-com-Jaqueta-Jeans-184x300.jpeg 184w, https:\/\/sospedro.com.br\/wp-content\/uploads\/2026\/06\/Calca-Jeans-Masculina-com-Jaqueta-Jeans-150x244.jpeg 150w, https:\/\/sospedro.com.br\/wp-content\/uploads\/2026\/06\/Calca-Jeans-Masculina-com-Jaqueta-Jeans.jpeg 736w\" sizes=\"auto, (max-width: 630px) 100vw, 630px\" \/><\/figure>\n\n\n\n<p class=\"wp-block-paragraph\">O famoso jeans com jeans continua forte.<\/p>\n\n\n\n<p class=\"wp-block-paragraph\">Basta variar os tons para criar contraste.<\/p>\n\n\n\n<h3 class=\"wp-block-heading\">Cal\u00e7a Jeans Masculina com Jaqueta Bomber<\/h3>\n\n\n\n<figure class=\"wp-block-image size-large\"><img loading=\"lazy\" decoding=\"async\" width=\"683\" height=\"1024\" src=\"https:\/\/sospedro.com.br\/wp-content\/uploads\/2026\/06\/Calca-Jeans-Masculina-com-Jaqueta-Bomber-683x1024.jpeg\" alt=\"\" class=\"wp-image-228\" srcset=\"https:\/\/sospedro.com.br\/wp-content\/uploads\/2026\/06\/Calca-Jeans-Masculina-com-Jaqueta-Bomber-683x1024.jpeg 683w, https:\/\/sospedro.com.br\/wp-content\/uploads\/2026\/06\/Calca-Jeans-Masculina-com-Jaqueta-Bomber-200x300.jpeg 200w, https:\/\/sospedro.com.br\/wp-content\/uploads\/2026\/06\/Calca-Jeans-Masculina-com-Jaqueta-Bomber-150x225.jpeg 150w, https:\/\/sospedro.com.br\/wp-content\/uploads\/2026\/06\/Calca-Jeans-Masculina-com-Jaqueta-Bomber.jpeg 736w\" sizes=\"auto, (max-width: 683px) 100vw, 683px\" \/><\/figure>\n\n\n\n<p class=\"wp-block-paragraph\">A bomber adiciona uma pegada urbana moderna.<\/p>\n\n\n\n<p class=\"wp-block-paragraph\">O resultado fica equilibrado e atual.<\/p>\n\n\n\n<h2 class=\"wp-block-heading\">Looks com Jeans Masculino para Climas Amenos<\/h2>\n\n\n\n<h3 class=\"wp-block-heading\">Cal\u00e7a Jeans Masculina com Moletom<\/h3>\n\n\n\n<figure class=\"wp-block-image size-large\"><img loading=\"lazy\" decoding=\"async\" width=\"714\" height=\"1024\" src=\"https:\/\/sospedro.com.br\/wp-content\/uploads\/2026\/06\/Calca-Jeans-Masculina-com-Moletom-714x1024.jpeg\" alt=\"\" class=\"wp-image-229\" srcset=\"https:\/\/sospedro.com.br\/wp-content\/uploads\/2026\/06\/Calca-Jeans-Masculina-com-Moletom-714x1024.jpeg 714w, https:\/\/sospedro.com.br\/wp-content\/uploads\/2026\/06\/Calca-Jeans-Masculina-com-Moletom-209x300.jpeg 209w, https:\/\/sospedro.com.br\/wp-content\/uploads\/2026\/06\/Calca-Jeans-Masculina-com-Moletom-150x215.jpeg 150w, https:\/\/sospedro.com.br\/wp-content\/uploads\/2026\/06\/Calca-Jeans-Masculina-com-Moletom.jpeg 736w\" sizes=\"auto, (max-width: 714px) 100vw, 714px\" \/><\/figure>\n\n\n\n<p class=\"wp-block-paragraph\">Conforto e praticidade definem essa combina\u00e7\u00e3o.<\/p>\n\n\n\n<p class=\"wp-block-paragraph\">Ideal para rotina, faculdade e viagens.<\/p>\n\n\n\n<h3 class=\"wp-block-heading\">Cal\u00e7a Jeans Masculina com Su\u00e9ter<\/h3>\n\n\n\n<figure class=\"wp-block-image size-large\"><img loading=\"lazy\" decoding=\"async\" width=\"576\" height=\"1024\" src=\"https:\/\/sospedro.com.br\/wp-content\/uploads\/2026\/06\/Calca-Jeans-Masculina-com-Sueter-576x1024.jpeg\" alt=\"\" class=\"wp-image-230\" srcset=\"https:\/\/sospedro.com.br\/wp-content\/uploads\/2026\/06\/Calca-Jeans-Masculina-com-Sueter-576x1024.jpeg 576w, https:\/\/sospedro.com.br\/wp-content\/uploads\/2026\/06\/Calca-Jeans-Masculina-com-Sueter-169x300.jpeg 169w, https:\/\/sospedro.com.br\/wp-content\/uploads\/2026\/06\/Calca-Jeans-Masculina-com-Sueter-150x267.jpeg 150w, https:\/\/sospedro.com.br\/wp-content\/uploads\/2026\/06\/Calca-Jeans-Masculina-com-Sueter.jpeg 736w\" sizes=\"auto, (max-width: 576px) 100vw, 576px\" \/><\/figure>\n\n\n\n<p class=\"wp-block-paragraph\">O su\u00e9ter cria uma apar\u00eancia mais elegante.<\/p>\n\n\n\n<p class=\"wp-block-paragraph\">Sem esfor\u00e7o, voc\u00ea parece mais arrumado.<\/p>\n\n\n\n<h3 class=\"wp-block-heading\">Cal\u00e7a Jeans Masculina com Cardigan<\/h3>\n\n\n\n<figure class=\"wp-block-image size-large\"><img loading=\"lazy\" decoding=\"async\" width=\"576\" height=\"1024\" src=\"https:\/\/sospedro.com.br\/wp-content\/uploads\/2026\/06\/Calca-Jeans-Masculina-com-Cardigan-576x1024.jpeg\" alt=\"\" class=\"wp-image-231\" srcset=\"https:\/\/sospedro.com.br\/wp-content\/uploads\/2026\/06\/Calca-Jeans-Masculina-com-Cardigan-576x1024.jpeg 576w, https:\/\/sospedro.com.br\/wp-content\/uploads\/2026\/06\/Calca-Jeans-Masculina-com-Cardigan-169x300.jpeg 169w, https:\/\/sospedro.com.br\/wp-content\/uploads\/2026\/06\/Calca-Jeans-Masculina-com-Cardigan-150x267.jpeg 150w, https:\/\/sospedro.com.br\/wp-content\/uploads\/2026\/06\/Calca-Jeans-Masculina-com-Cardigan.jpeg 736w\" sizes=\"auto, (max-width: 576px) 100vw, 576px\" \/><\/figure>\n\n\n\n<p class=\"wp-block-paragraph\">Uma op\u00e7\u00e3o pouco explorada, mas extremamente estilosa.<\/p>\n\n\n\n<p class=\"wp-block-paragraph\">\u00d3tima alternativa para quem busca diferencia\u00e7\u00e3o.<\/p>\n\n\n\n<h3 class=\"wp-block-heading\">Cal\u00e7a Jeans Masculina com Jaqueta de Couro<\/h3>\n\n\n\n<figure class=\"wp-block-image size-large\"><img loading=\"lazy\" decoding=\"async\" width=\"576\" height=\"1024\" src=\"https:\/\/sospedro.com.br\/wp-content\/uploads\/2026\/06\/Calca-Jeans-Masculina-com-Jaqueta-de-Couro-576x1024.jpeg\" alt=\"\" class=\"wp-image-232\" srcset=\"https:\/\/sospedro.com.br\/wp-content\/uploads\/2026\/06\/Calca-Jeans-Masculina-com-Jaqueta-de-Couro-576x1024.jpeg 576w, https:\/\/sospedro.com.br\/wp-content\/uploads\/2026\/06\/Calca-Jeans-Masculina-com-Jaqueta-de-Couro-169x300.jpeg 169w, https:\/\/sospedro.com.br\/wp-content\/uploads\/2026\/06\/Calca-Jeans-Masculina-com-Jaqueta-de-Couro-150x267.jpeg 150w, https:\/\/sospedro.com.br\/wp-content\/uploads\/2026\/06\/Calca-Jeans-Masculina-com-Jaqueta-de-Couro.jpeg 736w\" sizes=\"auto, (max-width: 576px) 100vw, 576px\" \/><\/figure>\n\n\n\n<p class=\"wp-block-paragraph\">Poucas combina\u00e7\u00f5es carregam tanta personalidade.<\/p>\n\n\n\n<p class=\"wp-block-paragraph\">Quase imposs\u00edvel n\u00e3o se sentir mais confiante.<\/p>\n\n\n\n<h3 class=\"wp-block-heading\">Cal\u00e7a Jeans Masculina com Bota<\/h3>\n\n\n\n<figure class=\"wp-block-image size-large\"><img loading=\"lazy\" decoding=\"async\" width=\"721\" height=\"1024\" src=\"https:\/\/sospedro.com.br\/wp-content\/uploads\/2026\/06\/Calca-Jeans-Masculina-com-Bota-721x1024.jpeg\" alt=\"\" class=\"wp-image-233\" srcset=\"https:\/\/sospedro.com.br\/wp-content\/uploads\/2026\/06\/Calca-Jeans-Masculina-com-Bota-721x1024.jpeg 721w, https:\/\/sospedro.com.br\/wp-content\/uploads\/2026\/06\/Calca-Jeans-Masculina-com-Bota-211x300.jpeg 211w, https:\/\/sospedro.com.br\/wp-content\/uploads\/2026\/06\/Calca-Jeans-Masculina-com-Bota-150x213.jpeg 150w, https:\/\/sospedro.com.br\/wp-content\/uploads\/2026\/06\/Calca-Jeans-Masculina-com-Bota.jpeg 736w\" sizes=\"auto, (max-width: 721px) 100vw, 721px\" \/><\/figure>\n\n\n\n<p class=\"wp-block-paragraph\">A bota refor\u00e7a a presen\u00e7a do visual.<\/p>\n\n\n\n<p class=\"wp-block-paragraph\">Excelente escolha para produ\u00e7\u00f5es masculinas cl\u00e1ssicas.<\/p>\n\n\n\n<h2 class=\"wp-block-heading\">Look com Cal\u00e7a Jeans Masculina para Estilo Moderno<\/h2>\n\n\n\n<h3 class=\"wp-block-heading\">Cal\u00e7a Jeans Masculina Slim com Camisa Social<\/h3>\n\n\n\n<figure class=\"wp-block-image size-full\"><img loading=\"lazy\" decoding=\"async\" width=\"736\" height=\"1022\" src=\"https:\/\/sospedro.com.br\/wp-content\/uploads\/2026\/06\/Calca-Jeans-Masculina-Slim-com-Camisa-Social.jpeg\" alt=\"\" class=\"wp-image-234\" srcset=\"https:\/\/sospedro.com.br\/wp-content\/uploads\/2026\/06\/Calca-Jeans-Masculina-Slim-com-Camisa-Social.jpeg 736w, https:\/\/sospedro.com.br\/wp-content\/uploads\/2026\/06\/Calca-Jeans-Masculina-Slim-com-Camisa-Social-216x300.jpeg 216w, https:\/\/sospedro.com.br\/wp-content\/uploads\/2026\/06\/Calca-Jeans-Masculina-Slim-com-Camisa-Social-150x208.jpeg 150w\" sizes=\"auto, (max-width: 736px) 100vw, 736px\" \/><\/figure>\n\n\n\n<p class=\"wp-block-paragraph\">Mistura perfeita entre casual e elegante.<\/p>\n\n\n\n<p class=\"wp-block-paragraph\">Ideal para eventos sem dress code formal.<\/p>\n\n\n\n<h3 class=\"wp-block-heading\">Cal\u00e7a Jeans Masculina com Blazer<\/h3>\n\n\n\n<figure class=\"wp-block-image size-full\"><img loading=\"lazy\" decoding=\"async\" width=\"736\" height=\"920\" src=\"https:\/\/sospedro.com.br\/wp-content\/uploads\/2026\/06\/Calca-Jeans-Masculina-com-Blazer.jpeg\" alt=\"\" class=\"wp-image-235\" srcset=\"https:\/\/sospedro.com.br\/wp-content\/uploads\/2026\/06\/Calca-Jeans-Masculina-com-Blazer.jpeg 736w, https:\/\/sospedro.com.br\/wp-content\/uploads\/2026\/06\/Calca-Jeans-Masculina-com-Blazer-240x300.jpeg 240w, https:\/\/sospedro.com.br\/wp-content\/uploads\/2026\/06\/Calca-Jeans-Masculina-com-Blazer-150x188.jpeg 150w\" sizes=\"auto, (max-width: 736px) 100vw, 736px\" \/><\/figure>\n\n\n\n<p class=\"wp-block-paragraph\">O blazer eleva instantaneamente qualquer produ\u00e7\u00e3o.<\/p>\n\n\n\n<p class=\"wp-block-paragraph\">Uma combina\u00e7\u00e3o moderna e sofisticada.<\/p>\n\n\n\n<h3 class=\"wp-block-heading\">Cal\u00e7a Jeans Masculina com T\u00eanis Esportivo<\/h3>\n\n\n\n<figure class=\"wp-block-image size-full\"><img loading=\"lazy\" decoding=\"async\" width=\"736\" height=\"981\" src=\"https:\/\/sospedro.com.br\/wp-content\/uploads\/2026\/06\/Calca-Jeans-Masculina-com-Tenis-Esportivo.jpeg\" alt=\"\" class=\"wp-image-236\" srcset=\"https:\/\/sospedro.com.br\/wp-content\/uploads\/2026\/06\/Calca-Jeans-Masculina-com-Tenis-Esportivo.jpeg 736w, https:\/\/sospedro.com.br\/wp-content\/uploads\/2026\/06\/Calca-Jeans-Masculina-com-Tenis-Esportivo-225x300.jpeg 225w, https:\/\/sospedro.com.br\/wp-content\/uploads\/2026\/06\/Calca-Jeans-Masculina-com-Tenis-Esportivo-640x853.jpeg 640w, https:\/\/sospedro.com.br\/wp-content\/uploads\/2026\/06\/Calca-Jeans-Masculina-com-Tenis-Esportivo-150x200.jpeg 150w\" sizes=\"auto, (max-width: 736px) 100vw, 736px\" \/><\/figure>\n\n\n\n<p class=\"wp-block-paragraph\">Conforto e estilo caminham juntos nessa proposta.<\/p>\n\n\n\n<p class=\"wp-block-paragraph\">Uma tend\u00eancia cada vez mais presente.<\/p>\n\n\n\n<h3 class=\"wp-block-heading\">Cal\u00e7a Jeans Masculina com Regata<\/h3>\n\n\n\n<figure class=\"wp-block-image size-full\"><img loading=\"lazy\" decoding=\"async\" width=\"735\" height=\"882\" src=\"https:\/\/sospedro.com.br\/wp-content\/uploads\/2026\/06\/Calca-Jeans-Masculina-com-Regata.jpeg\" alt=\"\" class=\"wp-image-237\" srcset=\"https:\/\/sospedro.com.br\/wp-content\/uploads\/2026\/06\/Calca-Jeans-Masculina-com-Regata.jpeg 735w, https:\/\/sospedro.com.br\/wp-content\/uploads\/2026\/06\/Calca-Jeans-Masculina-com-Regata-250x300.jpeg 250w, https:\/\/sospedro.com.br\/wp-content\/uploads\/2026\/06\/Calca-Jeans-Masculina-com-Regata-150x180.jpeg 150w\" sizes=\"auto, (max-width: 735px) 100vw, 735px\" \/><\/figure>\n\n\n\n<p class=\"wp-block-paragraph\">Visual leve para dias quentes.<\/p>\n\n\n\n<p class=\"wp-block-paragraph\">Simples, confort\u00e1vel e cheio de atitude.<\/p>\n\n\n\n<h3 class=\"wp-block-heading\">Cal\u00e7a Jeans Masculina Monocrom\u00e1tica<\/h3>\n\n\n\n<figure class=\"wp-block-image size-full\"><img loading=\"lazy\" decoding=\"async\" width=\"736\" height=\"866\" src=\"https:\/\/sospedro.com.br\/wp-content\/uploads\/2026\/06\/Calca-Jeans-Masculina-Monocromatica.jpeg\" alt=\"\" class=\"wp-image-238\" srcset=\"https:\/\/sospedro.com.br\/wp-content\/uploads\/2026\/06\/Calca-Jeans-Masculina-Monocromatica.jpeg 736w, https:\/\/sospedro.com.br\/wp-content\/uploads\/2026\/06\/Calca-Jeans-Masculina-Monocromatica-255x300.jpeg 255w, https:\/\/sospedro.com.br\/wp-content\/uploads\/2026\/06\/Calca-Jeans-Masculina-Monocromatica-150x176.jpeg 150w\" sizes=\"auto, (max-width: 736px) 100vw, 736px\" \/><\/figure>\n\n\n\n<p class=\"wp-block-paragraph\">Escolha pe\u00e7as da mesma tonalidade.<\/p>\n\n\n\n<p class=\"wp-block-paragraph\">O resultado transmite eleg\u00e2ncia e modernidade.<\/p>\n\n\n\n<h2 class=\"wp-block-heading\">Por Que a Cal\u00e7a Jeans Masculina Nunca Sai de Moda?<\/h2>\n\n\n\n<p class=\"wp-block-paragraph\">A resposta \u00e9 simples.<\/p>\n\n\n\n<p class=\"wp-block-paragraph\">A <strong>cal\u00e7a jeans masculina<\/strong> combina com praticamente qualquer estilo. Ela funciona em produ\u00e7\u00f5es casuais, urbanas, esportivas e at\u00e9 em combina\u00e7\u00f5es mais sofisticadas.<\/p>\n\n\n\n<p class=\"wp-block-paragraph\">Al\u00e9m disso, o jeans oferece tr\u00eas vantagens importantes:<\/p>\n\n\n\n<ul class=\"wp-block-list\">\n<li><strong>Versatilidade<\/strong><\/li>\n\n\n\n<li><strong>Conforto<\/strong><\/li>\n\n\n\n<li><strong>Durabilidade<\/strong><\/li>\n<\/ul>\n\n\n\n<p class=\"wp-block-paragraph\">Poucas pe\u00e7as entregam tanto valor quanto uma boa cal\u00e7a jeans.<\/p>\n\n\n\n<p class=\"wp-block-paragraph\"><strong>Veja tamb\u00e9m:<\/strong> <a href=\"https:\/\/sospedro.com.br\/look-festa-junina-masculino-5-ideias-para-curtir-com-estilo\/\" class=\"ek-link\">Look festa junina masculino: 5 ideias para curtir com estilo<\/a><\/p>\n\n\n\n<p class=\"wp-block-paragraph\">As melhores <strong>ideias de looks cal\u00e7a jeans masculina<\/strong> n\u00e3o exigem pe\u00e7as caras nem combina\u00e7\u00f5es complicadas. Na maioria das vezes, pequenas mudan\u00e7as j\u00e1 transformam completamente o visual.<\/p>\n\n\n\n<p class=\"wp-block-paragraph\">Voc\u00ea pode usar a cal\u00e7a jeans com camiseta b\u00e1sica, camisa social, blazer, moletom ou jaqueta. O segredo est\u00e1 em adaptar o look ao seu estilo e \u00e0 ocasi\u00e3o.<\/p>\n\n\n\n<p class=\"wp-block-paragraph\">Agora escolha suas inspira\u00e7\u00f5es favoritas e monte seus pr\u00f3ximos visuais. Afinal, se a cal\u00e7a jeans sobreviveu a d\u00e9cadas de tend\u00eancias, ela certamente merece um espa\u00e7o garantido no seu guarda-roupa.<\/p>\n\n\n\n<p class=\"has-text-align-center wp-block-paragraph\">Nos siga no instagram&nbsp;<a href=\"https:\/\/www.instagram.com\/blogsospedro\/\">@blosospedro<\/a><\/p>\n","protected":false},"excerpt":{"rendered":"<p>Poucas pe\u00e7as salvam tantos looks quanto a cal\u00e7a jeans masculina. Quando bate aquela d\u00favida na frente do guarda-roupa, o jeans quase sempre resolve o problema. E n\u00e3o \u00e9 por acaso. Ele combina com praticamente tudo e funciona em diferentes ocasi\u00f5es. Eu mesmo j\u00e1 perdi a conta de quantas vezes uma boa cal\u00e7a jeans salvou meu visual quando eu estava sem criatividade. Afinal, ningu\u00e9m quer parecer que escolheu a roupa no escuro \u00e0s seis da manh\u00e3. Se voc\u00ea procura ideias de looks com cal\u00e7a jeans masculina, chegou ao lugar certo. Confira 20 inspira\u00e7\u00f5es simples, modernas e f\u00e1ceis de reproduzir. Cal\u00e7a Jeans Masculina com Camiseta B\u00e1sica Cal\u00e7a Jeans Masculina com Camiseta Branca O cl\u00e1ssico dos cl\u00e1ssicos. Limpo, vers\u00e1til e imposs\u00edvel de errar. Cal\u00e7a Jeans Masculina com Camiseta Preta Uma combina\u00e7\u00e3o simples que sempre transmite estilo. Ideal para quem gosta de um visual discreto. Cal\u00e7a Jeans Masculina com Camiseta Oversized A modelagem ampla deixa o visual moderno e descontra\u00eddo. Perfeito para quem acompanha as tend\u00eancias atuais. Cal\u00e7a Jeans Masculina com Camiseta Estampada Uma boa estampa adiciona personalidade ao look. O jeans equilibra a composi\u00e7\u00e3o sem exageros. Cal\u00e7a Jeans Masculina com T\u00eanis Branco Uma combina\u00e7\u00e3o minimalista que funciona em qualquer esta\u00e7\u00e3o. Poucas duplas entregam tanto resultado com t\u00e3o pouco esfor\u00e7o. Ideias de Looks Cal\u00e7a Jeans Masculina para o Dia a Dia Cal\u00e7a Jeans Masculina com Polo A camisa polo adiciona um toque mais alinhado. Ideal para trabalho e compromissos casuais. Cal\u00e7a Jeans Masculina com Camisa de Linho O linho traz leveza e sofistica\u00e7\u00e3o. Uma \u00f3tima escolha para dias mais quentes. Cal\u00e7a Jeans Masculina com Camisa Xadrez Visual casual com personalidade. Funciona muito bem durante o outono e inverno. Cal\u00e7a Jeans Masculina com Jaqueta Jeans O famoso jeans com jeans continua forte. Basta variar os tons para criar contraste. Cal\u00e7a Jeans Masculina com Jaqueta Bomber A bomber adiciona uma pegada urbana moderna. O resultado fica equilibrado e atual. Looks com Jeans Masculino para Climas Amenos Cal\u00e7a Jeans Masculina com Moletom Conforto e praticidade definem essa combina\u00e7\u00e3o. Ideal para rotina, faculdade e viagens. Cal\u00e7a Jeans Masculina com Su\u00e9ter O su\u00e9ter cria uma apar\u00eancia mais elegante. Sem esfor\u00e7o, voc\u00ea parece mais arrumado. Cal\u00e7a Jeans Masculina com Cardigan Uma op\u00e7\u00e3o pouco explorada, mas extremamente estilosa. \u00d3tima alternativa para quem busca diferencia\u00e7\u00e3o. Cal\u00e7a Jeans Masculina com Jaqueta de Couro Poucas combina\u00e7\u00f5es carregam tanta personalidade. Quase imposs\u00edvel n\u00e3o se sentir mais confiante. Cal\u00e7a Jeans Masculina com Bota A bota refor\u00e7a a presen\u00e7a do visual. Excelente escolha para produ\u00e7\u00f5es masculinas cl\u00e1ssicas. Look com Cal\u00e7a Jeans Masculina para Estilo Moderno Cal\u00e7a Jeans Masculina Slim com Camisa Social Mistura perfeita entre casual e elegante. Ideal para eventos sem dress code formal. Cal\u00e7a Jeans Masculina com Blazer O blazer eleva instantaneamente qualquer produ\u00e7\u00e3o. Uma combina\u00e7\u00e3o moderna e sofisticada. Cal\u00e7a Jeans Masculina com T\u00eanis Esportivo Conforto e estilo caminham juntos nessa proposta. Uma tend\u00eancia cada vez mais presente. Cal\u00e7a Jeans Masculina com Regata Visual leve para dias quentes. Simples, confort\u00e1vel e cheio de atitude. Cal\u00e7a Jeans Masculina Monocrom\u00e1tica Escolha pe\u00e7as da mesma tonalidade. O resultado transmite eleg\u00e2ncia e modernidade. Por Que a Cal\u00e7a Jeans Masculina Nunca Sai de Moda? A resposta \u00e9 simples. A cal\u00e7a jeans masculina combina com praticamente qualquer estilo. Ela funciona em produ\u00e7\u00f5es casuais, urbanas, esportivas e at\u00e9 em combina\u00e7\u00f5es mais sofisticadas. Al\u00e9m disso, o jeans oferece tr\u00eas vantagens importantes: Poucas pe\u00e7as entregam tanto valor quanto uma boa cal\u00e7a jeans. Veja tamb\u00e9m: Look festa junina masculino: 5 ideias para curtir com estilo As melhores ideias de looks cal\u00e7a jeans masculina n\u00e3o exigem pe\u00e7as caras nem combina\u00e7\u00f5es complicadas. Na maioria das vezes, pequenas mudan\u00e7as j\u00e1 transformam completamente o visual. Voc\u00ea pode usar a cal\u00e7a jeans com camiseta b\u00e1sica, camisa social, blazer, moletom ou jaqueta. O segredo est\u00e1 em adaptar o look ao seu estilo e \u00e0 ocasi\u00e3o. Agora escolha suas inspira\u00e7\u00f5es favoritas e monte seus pr\u00f3ximos visuais. Afinal, se a cal\u00e7a jeans sobreviveu a d\u00e9cadas de tend\u00eancias, ela certamente merece um espa\u00e7o garantido no seu guarda-roupa. Nos siga no instagram&nbsp;@blosospedro<\/p>\n","protected":false},"author":1,"featured_media":239,"comment_status":"open","ping_status":"open","sticky":false,"template":"","format":"standard","meta":{"_editorskit_title_hidden":false,"_editorskit_reading_time":0,"_editorskit_is_block_options_detached":false,"_editorskit_block_options_position":"{}","footnotes":""},"categories":[7],"tags":[],"class_list":["post-215","post","type-post","status-publish","format-standard","has-post-thumbnail","hentry","category-looks"],"yoast_head":"<!-- This site is optimized with the Yoast SEO plugin v28.4 - https:\/\/yoast.com\/product\/yoast-seo-wordpress\/ -->\n<title>Cal\u00e7a Jeans Masculina: 20 Ideias de Looks para se Inspirar<\/title>\n<meta name=\"description\" content=\"Confira 20 ideias de looks com cal\u00e7a jeans masculina e descubra combina\u00e7\u00f5es modernas, estilosas e f\u00e1ceis de usar no dia a dia.\" \/>\n<meta name=\"robots\" content=\"index, follow, max-snippet:-1, max-image-preview:large, max-video-preview:-1\" \/>\n<link rel=\"canonical\" href=\"https:\/\/sospedro.com.br\/calca-jeans-masculina-20-ideias-de-looks-para-se-inspirar\/\" \/>\n<meta property=\"og:locale\" content=\"pt_BR\" \/>\n<meta property=\"og:type\" content=\"article\" \/>\n<meta property=\"og:title\" content=\"Cal\u00e7a Jeans Masculina: 20 Ideias de Looks para se Inspirar\" \/>\n<meta property=\"og:description\" content=\"Confira 20 ideias de looks com cal\u00e7a jeans masculina e descubra combina\u00e7\u00f5es modernas, estilosas e f\u00e1ceis de usar no dia a dia.\" \/>\n<meta property=\"og:url\" content=\"https:\/\/sospedro.com.br\/calca-jeans-masculina-20-ideias-de-looks-para-se-inspirar\/\" \/>\n<meta property=\"og:site_name\" content=\"S.O.S Pedro -\" \/>\n<meta property=\"article:published_time\" content=\"2026-06-18T18:45:30+00:00\" \/>\n<meta property=\"article:modified_time\" content=\"2026-06-18T18:45:32+00:00\" \/>\n<meta property=\"og:image\" content=\"https:\/\/sospedro.com.br\/wp-content\/uploads\/2026\/06\/Calca-Jeans-Masculina.jpg\" \/>\n\t<meta property=\"og:image:width\" content=\"1080\" \/>\n\t<meta property=\"og:image:height\" content=\"1080\" \/>\n\t<meta property=\"og:image:type\" content=\"image\/jpeg\" \/>\n<meta name=\"author\" content=\"Pedro\" \/>\n<meta name=\"twitter:card\" content=\"summary_large_image\" \/>\n<meta name=\"twitter:label1\" content=\"Escrito por\" \/>\n\t<meta name=\"twitter:data1\" content=\"Pedro\" \/>\n\t<meta name=\"twitter:label2\" content=\"Est. tempo de leitura\" \/>\n\t<meta name=\"twitter:data2\" content=\"9 minutos\" \/>\n<script type=\"application\/ld+json\" class=\"yoast-schema-graph\">{\"@context\":\"https:\\\/\\\/schema.org\",\"@graph\":[{\"@type\":\"Article\",\"@id\":\"https:\\\/\\\/sospedro.com.br\\\/calca-jeans-masculina-20-ideias-de-looks-para-se-inspirar\\\/#article\",\"isPartOf\":{\"@id\":\"https:\\\/\\\/sospedro.com.br\\\/calca-jeans-masculina-20-ideias-de-looks-para-se-inspirar\\\/\"},\"author\":{\"name\":\"Pedro\",\"@id\":\"https:\\\/\\\/sospedro.com.br\\\/#\\\/schema\\\/person\\\/bc6594718e46fa9a4ad93a0bc459109b\"},\"headline\":\"Cal\u00e7a Jeans Masculina: 20 Ideias de Looks para se Inspirar\",\"datePublished\":\"2026-06-18T18:45:30+00:00\",\"dateModified\":\"2026-06-18T18:45:32+00:00\",\"mainEntityOfPage\":{\"@id\":\"https:\\\/\\\/sospedro.com.br\\\/calca-jeans-masculina-20-ideias-de-looks-para-se-inspirar\\\/\"},\"wordCount\":768,\"commentCount\":0,\"publisher\":{\"@id\":\"https:\\\/\\\/sospedro.com.br\\\/#\\\/schema\\\/person\\\/bc6594718e46fa9a4ad93a0bc459109b\"},\"image\":{\"@id\":\"https:\\\/\\\/sospedro.com.br\\\/calca-jeans-masculina-20-ideias-de-looks-para-se-inspirar\\\/#primaryimage\"},\"thumbnailUrl\":\"https:\\\/\\\/sospedro.com.br\\\/wp-content\\\/uploads\\\/2026\\\/06\\\/Calca-Jeans-Masculina.jpg\",\"articleSection\":[\"Looks\"],\"inLanguage\":\"pt-BR\",\"potentialAction\":[{\"@type\":\"CommentAction\",\"name\":\"Comment\",\"target\":[\"https:\\\/\\\/sospedro.com.br\\\/calca-jeans-masculina-20-ideias-de-looks-para-se-inspirar\\\/#respond\"]}]},{\"@type\":\"WebPage\",\"@id\":\"https:\\\/\\\/sospedro.com.br\\\/calca-jeans-masculina-20-ideias-de-looks-para-se-inspirar\\\/\",\"url\":\"https:\\\/\\\/sospedro.com.br\\\/calca-jeans-masculina-20-ideias-de-looks-para-se-inspirar\\\/\",\"name\":\"Cal\u00e7a Jeans Masculina: 20 Ideias de Looks para se Inspirar\",\"isPartOf\":{\"@id\":\"https:\\\/\\\/sospedro.com.br\\\/#website\"},\"primaryImageOfPage\":{\"@id\":\"https:\\\/\\\/sospedro.com.br\\\/calca-jeans-masculina-20-ideias-de-looks-para-se-inspirar\\\/#primaryimage\"},\"image\":{\"@id\":\"https:\\\/\\\/sospedro.com.br\\\/calca-jeans-masculina-20-ideias-de-looks-para-se-inspirar\\\/#primaryimage\"},\"thumbnailUrl\":\"https:\\\/\\\/sospedro.com.br\\\/wp-content\\\/uploads\\\/2026\\\/06\\\/Calca-Jeans-Masculina.jpg\",\"datePublished\":\"2026-06-18T18:45:30+00:00\",\"dateModified\":\"2026-06-18T18:45:32+00:00\",\"description\":\"Confira 20 ideias de looks com cal\u00e7a jeans masculina e descubra combina\u00e7\u00f5es modernas, estilosas e f\u00e1ceis de usar no dia a dia.\",\"breadcrumb\":{\"@id\":\"https:\\\/\\\/sospedro.com.br\\\/calca-jeans-masculina-20-ideias-de-looks-para-se-inspirar\\\/#breadcrumb\"},\"inLanguage\":\"pt-BR\",\"potentialAction\":[{\"@type\":\"ReadAction\",\"target\":[\"https:\\\/\\\/sospedro.com.br\\\/calca-jeans-masculina-20-ideias-de-looks-para-se-inspirar\\\/\"]}]},{\"@type\":\"ImageObject\",\"inLanguage\":\"pt-BR\",\"@id\":\"https:\\\/\\\/sospedro.com.br\\\/calca-jeans-masculina-20-ideias-de-looks-para-se-inspirar\\\/#primaryimage\",\"url\":\"https:\\\/\\\/sospedro.com.br\\\/wp-content\\\/uploads\\\/2026\\\/06\\\/Calca-Jeans-Masculina.jpg\",\"contentUrl\":\"https:\\\/\\\/sospedro.com.br\\\/wp-content\\\/uploads\\\/2026\\\/06\\\/Calca-Jeans-Masculina.jpg\",\"width\":1080,\"height\":1080,\"caption\":\"Cal\u00e7a Jeans Masculina\"},{\"@type\":\"BreadcrumbList\",\"@id\":\"https:\\\/\\\/sospedro.com.br\\\/calca-jeans-masculina-20-ideias-de-looks-para-se-inspirar\\\/#breadcrumb\",\"itemListElement\":[{\"@type\":\"ListItem\",\"position\":1,\"name\":\"In\u00edcio\",\"item\":\"https:\\\/\\\/sospedro.com.br\\\/\"},{\"@type\":\"ListItem\",\"position\":2,\"name\":\"Cal\u00e7a Jeans Masculina: 20 Ideias de Looks para se Inspirar\"}]},{\"@type\":\"WebSite\",\"@id\":\"https:\\\/\\\/sospedro.com.br\\\/#website\",\"url\":\"https:\\\/\\\/sospedro.com.br\\\/\",\"name\":\"Blog S.O.S Pedro\",\"description\":\"Moda, beleza, tend\u00eancias e comportamento\",\"publisher\":{\"@id\":\"https:\\\/\\\/sospedro.com.br\\\/#\\\/schema\\\/person\\\/bc6594718e46fa9a4ad93a0bc459109b\"},\"potentialAction\":[{\"@type\":\"SearchAction\",\"target\":{\"@type\":\"EntryPoint\",\"urlTemplate\":\"https:\\\/\\\/sospedro.com.br\\\/?s={search_term_string}\"},\"query-input\":{\"@type\":\"PropertyValueSpecification\",\"valueRequired\":true,\"valueName\":\"search_term_string\"}}],\"inLanguage\":\"pt-BR\"},{\"@type\":[\"Person\",\"Organization\"],\"@id\":\"https:\\\/\\\/sospedro.com.br\\\/#\\\/schema\\\/person\\\/bc6594718e46fa9a4ad93a0bc459109b\",\"name\":\"Pedro\",\"image\":{\"@type\":\"ImageObject\",\"inLanguage\":\"pt-BR\",\"@id\":\"https:\\\/\\\/sospedro.com.br\\\/wp-content\\\/uploads\\\/2026\\\/06\\\/cropped-cropped-Artboard-1.png\",\"url\":\"https:\\\/\\\/sospedro.com.br\\\/wp-content\\\/uploads\\\/2026\\\/06\\\/cropped-cropped-Artboard-1.png\",\"contentUrl\":\"https:\\\/\\\/sospedro.com.br\\\/wp-content\\\/uploads\\\/2026\\\/06\\\/cropped-cropped-Artboard-1.png\",\"width\":864,\"height\":161,\"caption\":\"Pedro\"},\"logo\":{\"@id\":\"https:\\\/\\\/sospedro.com.br\\\/wp-content\\\/uploads\\\/2026\\\/06\\\/cropped-cropped-Artboard-1.png\"},\"sameAs\":[\"https:\\\/\\\/sospedro.com.br\"],\"url\":\"https:\\\/\\\/sospedro.com.br\\\/author\\\/pedro\\\/\"}]}<\/script>\n<!-- \/ Yoast SEO plugin. -->","yoast_head_json":{"title":"Cal\u00e7a Jeans Masculina: 20 Ideias de Looks para se Inspirar","description":"Confira 20 ideias de looks com cal\u00e7a jeans masculina e descubra combina\u00e7\u00f5es modernas, estilosas e f\u00e1ceis de usar no dia a dia.","robots":{"index":"index","follow":"follow","max-snippet":"max-snippet:-1","max-image-preview":"max-image-preview:large","max-video-preview":"max-video-preview:-1"},"canonical":"https:\/\/sospedro.com.br\/calca-jeans-masculina-20-ideias-de-looks-para-se-inspirar\/","og_locale":"pt_BR","og_type":"article","og_title":"Cal\u00e7a Jeans Masculina: 20 Ideias de Looks para se Inspirar","og_description":"Confira 20 ideias de looks com cal\u00e7a jeans masculina e descubra combina\u00e7\u00f5es modernas, estilosas e f\u00e1ceis de usar no dia a dia.","og_url":"https:\/\/sospedro.com.br\/calca-jeans-masculina-20-ideias-de-looks-para-se-inspirar\/","og_site_name":"S.O.S Pedro -","article_published_time":"2026-06-18T18:45:30+00:00","article_modified_time":"2026-06-18T18:45:32+00:00","og_image":[{"width":1080,"height":1080,"url":"https:\/\/sospedro.com.br\/wp-content\/uploads\/2026\/06\/Calca-Jeans-Masculina.jpg","type":"image\/jpeg"}],"author":"Pedro","twitter_card":"summary_large_image","twitter_misc":{"Escrito por":"Pedro","Est. tempo de leitura":"9 minutos"},"schema":{"@context":"https:\/\/schema.org","@graph":[{"@type":"Article","@id":"https:\/\/sospedro.com.br\/calca-jeans-masculina-20-ideias-de-looks-para-se-inspirar\/#article","isPartOf":{"@id":"https:\/\/sospedro.com.br\/calca-jeans-masculina-20-ideias-de-looks-para-se-inspirar\/"},"author":{"name":"Pedro","@id":"https:\/\/sospedro.com.br\/#\/schema\/person\/bc6594718e46fa9a4ad93a0bc459109b"},"headline":"Cal\u00e7a Jeans Masculina: 20 Ideias de Looks para se Inspirar","datePublished":"2026-06-18T18:45:30+00:00","dateModified":"2026-06-18T18:45:32+00:00","mainEntityOfPage":{"@id":"https:\/\/sospedro.com.br\/calca-jeans-masculina-20-ideias-de-looks-para-se-inspirar\/"},"wordCount":768,"commentCount":0,"publisher":{"@id":"https:\/\/sospedro.com.br\/#\/schema\/person\/bc6594718e46fa9a4ad93a0bc459109b"},"image":{"@id":"https:\/\/sospedro.com.br\/calca-jeans-masculina-20-ideias-de-looks-para-se-inspirar\/#primaryimage"},"thumbnailUrl":"https:\/\/sospedro.com.br\/wp-content\/uploads\/2026\/06\/Calca-Jeans-Masculina.jpg","articleSection":["Looks"],"inLanguage":"pt-BR","potentialAction":[{"@type":"CommentAction","name":"Comment","target":["https:\/\/sospedro.com.br\/calca-jeans-masculina-20-ideias-de-looks-para-se-inspirar\/#respond"]}]},{"@type":"WebPage","@id":"https:\/\/sospedro.com.br\/calca-jeans-masculina-20-ideias-de-looks-para-se-inspirar\/","url":"https:\/\/sospedro.com.br\/calca-jeans-masculina-20-ideias-de-looks-para-se-inspirar\/","name":"Cal\u00e7a Jeans Masculina: 20 Ideias de Looks para se Inspirar","isPartOf":{"@id":"https:\/\/sospedro.com.br\/#website"},"primaryImageOfPage":{"@id":"https:\/\/sospedro.com.br\/calca-jeans-masculina-20-ideias-de-looks-para-se-inspirar\/#primaryimage"},"image":{"@id":"https:\/\/sospedro.com.br\/calca-jeans-masculina-20-ideias-de-looks-para-se-inspirar\/#primaryimage"},"thumbnailUrl":"https:\/\/sospedro.com.br\/wp-content\/uploads\/2026\/06\/Calca-Jeans-Masculina.jpg","datePublished":"2026-06-18T18:45:30+00:00","dateModified":"2026-06-18T18:45:32+00:00","description":"Confira 20 ideias de looks com cal\u00e7a jeans masculina e descubra combina\u00e7\u00f5es modernas, estilosas e f\u00e1ceis de usar no dia a dia.","breadcrumb":{"@id":"https:\/\/sospedro.com.br\/calca-jeans-masculina-20-ideias-de-looks-para-se-inspirar\/#breadcrumb"},"inLanguage":"pt-BR","potentialAction":[{"@type":"ReadAction","target":["https:\/\/sospedro.com.br\/calca-jeans-masculina-20-ideias-de-looks-para-se-inspirar\/"]}]},{"@type":"ImageObject","inLanguage":"pt-BR","@id":"https:\/\/sospedro.com.br\/calca-jeans-masculina-20-ideias-de-looks-para-se-inspirar\/#primaryimage","url":"https:\/\/sospedro.com.br\/wp-content\/uploads\/2026\/06\/Calca-Jeans-Masculina.jpg","contentUrl":"https:\/\/sospedro.com.br\/wp-content\/uploads\/2026\/06\/Calca-Jeans-Masculina.jpg","width":1080,"height":1080,"caption":"Cal\u00e7a Jeans Masculina"},{"@type":"BreadcrumbList","@id":"https:\/\/sospedro.com.br\/calca-jeans-masculina-20-ideias-de-looks-para-se-inspirar\/#breadcrumb","itemListElement":[{"@type":"ListItem","position":1,"name":"In\u00edcio","item":"https:\/\/sospedro.com.br\/"},{"@type":"ListItem","position":2,"name":"Cal\u00e7a Jeans Masculina: 20 Ideias de Looks para se Inspirar"}]},{"@type":"WebSite","@id":"https:\/\/sospedro.com.br\/#website","url":"https:\/\/sospedro.com.br\/","name":"Blog S.O.S Pedro","description":"Moda, beleza, tend\u00eancias e comportamento","publisher":{"@id":"https:\/\/sospedro.com.br\/#\/schema\/person\/bc6594718e46fa9a4ad93a0bc459109b"},"potentialAction":[{"@type":"SearchAction","target":{"@type":"EntryPoint","urlTemplate":"https:\/\/sospedro.com.br\/?s={search_term_string}"},"query-input":{"@type":"PropertyValueSpecification","valueRequired":true,"valueName":"search_term_string"}}],"inLanguage":"pt-BR"},{"@type":["Person","Organization"],"@id":"https:\/\/sospedro.com.br\/#\/schema\/person\/bc6594718e46fa9a4ad93a0bc459109b","name":"Pedro","image":{"@type":"ImageObject","inLanguage":"pt-BR","@id":"https:\/\/sospedro.com.br\/wp-content\/uploads\/2026\/06\/cropped-cropped-Artboard-1.png","url":"https:\/\/sospedro.com.br\/wp-content\/uploads\/2026\/06\/cropped-cropped-Artboard-1.png","contentUrl":"https:\/\/sospedro.com.br\/wp-content\/uploads\/2026\/06\/cropped-cropped-Artboard-1.png","width":864,"height":161,"caption":"Pedro"},"logo":{"@id":"https:\/\/sospedro.com.br\/wp-content\/uploads\/2026\/06\/cropped-cropped-Artboard-1.png"},"sameAs":["https:\/\/sospedro.com.br"],"url":"https:\/\/sospedro.com.br\/author\/pedro\/"}]}},"_links":{"self":[{"href":"https:\/\/sospedro.com.br\/wp-json\/wp\/v2\/posts\/215","targetHints":{"allow":["GET"]}}],"collection":[{"href":"https:\/\/sospedro.com.br\/wp-json\/wp\/v2\/posts"}],"about":[{"href":"https:\/\/sospedro.com.br\/wp-json\/wp\/v2\/types\/post"}],"author":[{"embeddable":true,"href":"https:\/\/sospedro.com.br\/wp-json\/wp\/v2\/users\/1"}],"replies":[{"embeddable":true,"href":"https:\/\/sospedro.com.br\/wp-json\/wp\/v2\/comments?post=215"}],"version-history":[{"count":3,"href":"https:\/\/sospedro.com.br\/wp-json\/wp\/v2\/posts\/215\/revisions"}],"predecessor-version":[{"id":240,"href":"https:\/\/sospedro.com.br\/wp-json\/wp\/v2\/posts\/215\/revisions\/240"}],"wp:featuredmedia":[{"embeddable":true,"href":"https:\/\/sospedro.com.br\/wp-json\/wp\/v2\/media\/239"}],"wp:attachment":[{"href":"https:\/\/sospedro.com.br\/wp-json\/wp\/v2\/media?parent=215"}],"wp:term":[{"taxonomy":"category","embeddable":true,"href":"https:\/\/sospedro.com.br\/wp-json\/wp\/v2\/categories?post=215"},{"taxonomy":"post_tag","embeddable":true,"href":"https:\/\/sospedro.com.br\/wp-json\/wp\/v2\/tags?post=215"}],"curies":[{"name":"wp","href":"https:\/\/api.w.org\/{rel}","templated":true}]}}