{"id":68,"date":"2026-06-06T12:13:57","date_gmt":"2026-06-06T12:13:57","guid":{"rendered":"https:\/\/sospedro.com.br\/?p=68"},"modified":"2026-06-06T12:13:58","modified_gmt":"2026-06-06T12:13:58","slug":"corte-mullet-masculino-cacheado-moderno-e-cheio-de-estilo","status":"publish","type":"post","link":"https:\/\/sospedro.com.br\/corte-mullet-masculino-cacheado-moderno-e-cheio-de-estilo\/","title":{"rendered":"Corte Mullet Masculino Cacheado: Moderno e Cheio de Estilo"},"content":{"rendered":"\n<p class=\"wp-block-paragraph\" style=\"font-size:16px\">Se voc\u00ea acha que o mullet ficou preso nos anos 80, tenho uma surpresa para voc\u00ea. O <strong>corte mullet masculino cacheado<\/strong> voltou com for\u00e7a total e conquistou homens que gostam de estilo, personalidade e um visual que foge do b\u00e1sico.<\/p>\n\n\n\n<p class=\"wp-block-paragraph\" style=\"font-size:16px\">O mais interessante \u00e9 que os cachos d\u00e3o ao mullet uma identidade \u00fanica. Enquanto muitos cortes acabam parecendo iguais depois de algumas semanas, o mullet cacheado mant\u00e9m aquele visual marcante que chama aten\u00e7\u00e3o pelos motivos certos.<\/p>\n\n\n\n<p class=\"wp-block-paragraph\" style=\"font-size:16px\">Eu mesmo j\u00e1 vi muitos caras transformarem completamente a apar\u00eancia apenas mudando o corte. E convenhamos: \u00e0s vezes tudo o que falta \u00e9 um corte que combine com sua personalidade.<\/p>\n\n\n\n<figure class=\"wp-block-image size-full\"><img loading=\"lazy\" decoding=\"async\" width=\"736\" height=\"986\" src=\"https:\/\/sospedro.com.br\/wp-content\/uploads\/2026\/06\/Corte-Mullet-Masculino-7.jpeg\" alt=\"\" class=\"wp-image-75\" srcset=\"https:\/\/sospedro.com.br\/wp-content\/uploads\/2026\/06\/Corte-Mullet-Masculino-7.jpeg 736w, https:\/\/sospedro.com.br\/wp-content\/uploads\/2026\/06\/Corte-Mullet-Masculino-7-224x300.jpeg 224w, https:\/\/sospedro.com.br\/wp-content\/uploads\/2026\/06\/Corte-Mullet-Masculino-7-150x201.jpeg 150w\" sizes=\"auto, (max-width: 736px) 100vw, 736px\" \/><figcaption class=\"wp-element-caption\">Corte Mullet Masculino<\/figcaption><\/figure>\n\n\n\n<h2 class=\"wp-block-heading\">Corte Mullet Masculino: O Que \u00c9?<\/h2>\n\n\n\n<p class=\"wp-block-paragraph\" style=\"font-size:16px\">O <strong>corte mullet masculino<\/strong> segue uma caracter\u00edstica simples: cabelo mais curto na frente e nas laterais, enquanto a parte de tr\u00e1s permanece mais longa.<\/p>\n\n\n\n<p class=\"wp-block-paragraph\" style=\"font-size:16px\">A vers\u00e3o moderna, por\u00e9m, est\u00e1 muito diferente daquela que muita gente imagina quando ouve a palavra &#8220;mullet&#8221;. Hoje o corte apresenta acabamentos mais limpos, degrad\u00eas modernos e adapta\u00e7\u00f5es para diferentes tipos de cabelo.<\/p>\n\n\n\n<p class=\"wp-block-paragraph\" style=\"font-size:16px\">Quando aplicado aos cachos, o resultado fica ainda mais interessante porque o volume natural cria textura e movimento.<\/p>\n\n\n\n<h3 class=\"wp-block-heading\">Por Que o Mullet Funciona T\u00e3o Bem em Cabelos Cacheados?<\/h3>\n\n\n\n<p class=\"wp-block-paragraph\" style=\"font-size:16px\">Os cachos adicionam dimens\u00e3o ao corte.<\/p>\n\n\n\n<p class=\"wp-block-paragraph\" style=\"font-size:16px\">Em cabelos lisos, muitas vezes o mullet depende bastante da finaliza\u00e7\u00e3o para ganhar personalidade. J\u00e1 no cabelo cacheado, a pr\u00f3pria textura cria um visual cheio de presen\u00e7a.<\/p>\n\n\n\n<p class=\"wp-block-paragraph\" style=\"font-size:16px\">Al\u00e9m disso, os cachos ajudam a suavizar a diferen\u00e7a entre as partes curtas e longas do corte.<\/p>\n\n\n\n<p class=\"wp-block-paragraph\" style=\"font-size:16px\">Resultado? Um visual moderno sem parecer exagerado.<\/p>\n\n\n\n<h2 class=\"wp-block-heading\">Corte Mullet Masculino Cacheado: Principais Vantagens<\/h2>\n\n\n\n<p class=\"wp-block-paragraph\" style=\"font-size:16px\">Existem v\u00e1rios motivos para o crescimento desse estilo.<\/p>\n\n\n\n<figure class=\"wp-block-image size-full\"><img loading=\"lazy\" decoding=\"async\" width=\"736\" height=\"786\" src=\"https:\/\/sospedro.com.br\/wp-content\/uploads\/2026\/06\/Corte-Mullet-Masculino-6.jpeg\" alt=\"\" class=\"wp-image-76\" srcset=\"https:\/\/sospedro.com.br\/wp-content\/uploads\/2026\/06\/Corte-Mullet-Masculino-6.jpeg 736w, https:\/\/sospedro.com.br\/wp-content\/uploads\/2026\/06\/Corte-Mullet-Masculino-6-281x300.jpeg 281w, https:\/\/sospedro.com.br\/wp-content\/uploads\/2026\/06\/Corte-Mullet-Masculino-6-150x160.jpeg 150w\" sizes=\"auto, (max-width: 736px) 100vw, 736px\" \/><figcaption class=\"wp-element-caption\">Corte Mullet Masculino<\/figcaption><\/figure>\n\n\n\n<h3 class=\"wp-block-heading\">1. Valoriza a textura natural<\/h3>\n\n\n\n<p class=\"wp-block-paragraph\" style=\"font-size:16px\">Ao inv\u00e9s de lutar contra os cachos, o corte aproveita o melhor deles.<\/p>\n\n\n\n<p class=\"wp-block-paragraph\" style=\"font-size:16px\">Voc\u00ea deixa o volume trabalhar a seu favor.<\/p>\n\n\n\n<figure class=\"wp-block-image size-large\"><img loading=\"lazy\" decoding=\"async\" width=\"683\" height=\"1024\" src=\"https:\/\/sospedro.com.br\/wp-content\/uploads\/2026\/06\/Corte-Mullet-Masculino-5-683x1024.jpeg\" alt=\"\" class=\"wp-image-77\" srcset=\"https:\/\/sospedro.com.br\/wp-content\/uploads\/2026\/06\/Corte-Mullet-Masculino-5-683x1024.jpeg 683w, https:\/\/sospedro.com.br\/wp-content\/uploads\/2026\/06\/Corte-Mullet-Masculino-5-200x300.jpeg 200w, https:\/\/sospedro.com.br\/wp-content\/uploads\/2026\/06\/Corte-Mullet-Masculino-5-150x225.jpeg 150w, https:\/\/sospedro.com.br\/wp-content\/uploads\/2026\/06\/Corte-Mullet-Masculino-5.jpeg 736w\" sizes=\"auto, (max-width: 683px) 100vw, 683px\" \/><figcaption class=\"wp-element-caption\">Corte Mullet Masculino<\/figcaption><\/figure>\n\n\n\n<h3 class=\"wp-block-heading\">2. Cria um visual aut\u00eantico<\/h3>\n\n\n\n<p class=\"wp-block-paragraph\" style=\"font-size:16px\">Quantas vezes voc\u00ea encontra algu\u00e9m usando exatamente o mesmo corte degrad\u00ea tradicional?<\/p>\n\n\n\n<p class=\"wp-block-paragraph\" style=\"font-size:16px\">Agora compare isso com um mullet cacheado bem executado.<\/p>\n\n\n\n<p class=\"wp-block-paragraph\" style=\"font-size:16px\">A diferen\u00e7a aparece rapidamente.<\/p>\n\n\n\n<figure class=\"wp-block-image size-large\"><img loading=\"lazy\" decoding=\"async\" width=\"683\" height=\"1024\" src=\"https:\/\/sospedro.com.br\/wp-content\/uploads\/2026\/06\/Corte-Mullet-Masculino-4-683x1024.jpeg\" alt=\"\" class=\"wp-image-78\" srcset=\"https:\/\/sospedro.com.br\/wp-content\/uploads\/2026\/06\/Corte-Mullet-Masculino-4-683x1024.jpeg 683w, https:\/\/sospedro.com.br\/wp-content\/uploads\/2026\/06\/Corte-Mullet-Masculino-4-200x300.jpeg 200w, https:\/\/sospedro.com.br\/wp-content\/uploads\/2026\/06\/Corte-Mullet-Masculino-4-150x225.jpeg 150w, https:\/\/sospedro.com.br\/wp-content\/uploads\/2026\/06\/Corte-Mullet-Masculino-4.jpeg 736w\" sizes=\"auto, (max-width: 683px) 100vw, 683px\" \/><figcaption class=\"wp-element-caption\">Corte Mullet Masculino<\/figcaption><\/figure>\n\n\n\n<h3 class=\"wp-block-heading\">3. Combina com v\u00e1rios estilos<\/h3>\n\n\n\n<p class=\"wp-block-paragraph\" style=\"font-size:16px\">O corte funciona muito bem para quem gosta de:<\/p>\n\n\n\n<ul class=\"wp-block-list\">\n<li style=\"font-size:16px\">Streetwear<\/li>\n\n\n\n<li style=\"font-size:16px\">Moda casual masculina<\/li>\n\n\n\n<li style=\"font-size:16px\">Estilo alternativo<\/li>\n\n\n\n<li style=\"font-size:16px\">Visual moderno<\/li>\n\n\n\n<li style=\"font-size:16px\">Looks urbanos<\/li>\n<\/ul>\n\n\n\n<figure class=\"wp-block-image size-large\"><img loading=\"lazy\" decoding=\"async\" width=\"683\" height=\"1024\" src=\"https:\/\/sospedro.com.br\/wp-content\/uploads\/2026\/06\/Corte-Mullet-Masculino-3-683x1024.jpeg\" alt=\"\" class=\"wp-image-79\" srcset=\"https:\/\/sospedro.com.br\/wp-content\/uploads\/2026\/06\/Corte-Mullet-Masculino-3-683x1024.jpeg 683w, https:\/\/sospedro.com.br\/wp-content\/uploads\/2026\/06\/Corte-Mullet-Masculino-3-200x300.jpeg 200w, https:\/\/sospedro.com.br\/wp-content\/uploads\/2026\/06\/Corte-Mullet-Masculino-3-150x225.jpeg 150w, https:\/\/sospedro.com.br\/wp-content\/uploads\/2026\/06\/Corte-Mullet-Masculino-3.jpeg 736w\" sizes=\"auto, (max-width: 683px) 100vw, 683px\" \/><figcaption class=\"wp-element-caption\">Corte Mullet Masculino<\/figcaption><\/figure>\n\n\n\n<h3 class=\"wp-block-heading\">4. Permite v\u00e1rias personaliza\u00e7\u00f5es<\/h3>\n\n\n\n<p class=\"wp-block-paragraph\">O barbeiro pode adaptar o corte conforme sua prefer\u00eancia:<\/p>\n\n\n\n<ul class=\"wp-block-list\">\n<li style=\"font-size:16px\">Degrad\u00ea baixo<\/li>\n\n\n\n<li style=\"font-size:16px\">Degrad\u00ea m\u00e9dio<\/li>\n\n\n\n<li style=\"font-size:16px\">Degrad\u00ea alto<\/li>\n\n\n\n<li style=\"font-size:16px\">Laterais mais naturais<\/li>\n\n\n\n<li style=\"font-size:16px\">Parte traseira mais longa<\/li>\n\n\n\n<li style=\"font-size:16px\">Volume controlado<\/li>\n<\/ul>\n\n\n\n<h3 class=\"wp-block-heading\">Para Quem o Mullet Curto Funciona Melhor?<\/h3>\n\n\n\n<figure class=\"wp-block-image size-large\"><img loading=\"lazy\" decoding=\"async\" width=\"683\" height=\"1024\" src=\"https:\/\/sospedro.com.br\/wp-content\/uploads\/2026\/06\/Corte-Mullet-Masculino-2-683x1024.jpeg\" alt=\"\" class=\"wp-image-80\" srcset=\"https:\/\/sospedro.com.br\/wp-content\/uploads\/2026\/06\/Corte-Mullet-Masculino-2-683x1024.jpeg 683w, https:\/\/sospedro.com.br\/wp-content\/uploads\/2026\/06\/Corte-Mullet-Masculino-2-200x300.jpeg 200w, https:\/\/sospedro.com.br\/wp-content\/uploads\/2026\/06\/Corte-Mullet-Masculino-2-150x225.jpeg 150w, https:\/\/sospedro.com.br\/wp-content\/uploads\/2026\/06\/Corte-Mullet-Masculino-2.jpeg 736w\" sizes=\"auto, (max-width: 683px) 100vw, 683px\" \/><figcaption class=\"wp-element-caption\">Corte Mullet Masculino<\/figcaption><\/figure>\n\n\n\n<p class=\"wp-block-paragraph\" style=\"font-size:16px\">Na minha opini\u00e3o, essa vers\u00e3o funciona especialmente para:<\/p>\n\n\n\n<ul class=\"wp-block-list\">\n<li style=\"font-size:16px\">Homens que est\u00e3o testando o mullet pela primeira vez<\/li>\n\n\n\n<li style=\"font-size:16px\">Quem trabalha em ambientes mais formais<\/li>\n\n\n\n<li style=\"font-size:16px\">Pessoas que preferem baixa manuten\u00e7\u00e3o<\/li>\n\n\n\n<li style=\"font-size:16px\">Homens com cachos mais fechados<\/li>\n<\/ul>\n\n\n\n<p class=\"wp-block-paragraph\" style=\"font-size:16px\">O <strong>corte mullet masculino<\/strong> voltou renovado e encontrou nos cachos uma combina\u00e7\u00e3o quase perfeita. O corte valoriza o volume natural, oferece versatilidade e cria um visual cheio de atitude sem exigir transforma\u00e7\u00f5es radicais.<\/p>\n\n\n\n<p class=\"wp-block-paragraph\" style=\"font-size:16px\">Se voc\u00ea procura um estilo diferente do tradicional degrad\u00ea de sempre, talvez este seja o momento ideal para experimentar. Afinal, cabelo cresce novamente caso voc\u00ea n\u00e3o goste. Mas existe uma boa chance de voc\u00ea olhar no espelho e pensar: &#8220;Por que n\u00e3o fiz isso antes?<\/p>\n\n\n\n<p class=\"has-text-align-center wp-block-paragraph\" style=\"font-size:16px\">Nos siga no instagram&nbsp;<a href=\"https:\/\/www.instagram.com\/blogsospedro\/\" class=\"ek-link\">@blosospedro<\/a><\/p>\n\n\n\n<p class=\"wp-block-paragraph\"><\/p>\n","protected":false},"excerpt":{"rendered":"<p>Se voc\u00ea acha que o mullet ficou preso nos anos 80, tenho uma surpresa para voc\u00ea. O corte mullet masculino cacheado voltou com for\u00e7a total e conquistou homens que gostam de estilo, personalidade e um visual que foge do b\u00e1sico. O mais interessante \u00e9 que os cachos d\u00e3o ao mullet uma identidade \u00fanica. Enquanto muitos cortes acabam parecendo iguais depois de algumas semanas, o mullet cacheado mant\u00e9m aquele visual marcante que chama aten\u00e7\u00e3o pelos motivos certos. Eu mesmo j\u00e1 vi muitos caras transformarem completamente a apar\u00eancia apenas mudando o corte. E convenhamos: \u00e0s vezes tudo o que falta \u00e9 um corte que combine com sua personalidade. Corte Mullet Masculino: O Que \u00c9? O corte mullet masculino segue uma caracter\u00edstica simples: cabelo mais curto na frente e nas laterais, enquanto a parte de tr\u00e1s permanece mais longa. A vers\u00e3o moderna, por\u00e9m, est\u00e1 muito diferente daquela que muita gente imagina quando ouve a palavra &#8220;mullet&#8221;. Hoje o corte apresenta acabamentos mais limpos, degrad\u00eas modernos e adapta\u00e7\u00f5es para diferentes tipos de cabelo. Quando aplicado aos cachos, o resultado fica ainda mais interessante porque o volume natural cria textura e movimento. Por Que o Mullet Funciona T\u00e3o Bem em Cabelos Cacheados? Os cachos adicionam dimens\u00e3o ao corte. Em cabelos lisos, muitas vezes o mullet depende bastante da finaliza\u00e7\u00e3o para ganhar personalidade. J\u00e1 no cabelo cacheado, a pr\u00f3pria textura cria um visual cheio de presen\u00e7a. Al\u00e9m disso, os cachos ajudam a suavizar a diferen\u00e7a entre as partes curtas e longas do corte. Resultado? Um visual moderno sem parecer exagerado. Corte Mullet Masculino Cacheado: Principais Vantagens Existem v\u00e1rios motivos para o crescimento desse estilo. 1. Valoriza a textura natural Ao inv\u00e9s de lutar contra os cachos, o corte aproveita o melhor deles. Voc\u00ea deixa o volume trabalhar a seu favor. 2. Cria um visual aut\u00eantico Quantas vezes voc\u00ea encontra algu\u00e9m usando exatamente o mesmo corte degrad\u00ea tradicional? Agora compare isso com um mullet cacheado bem executado. A diferen\u00e7a aparece rapidamente. 3. Combina com v\u00e1rios estilos O corte funciona muito bem para quem gosta de: 4. Permite v\u00e1rias personaliza\u00e7\u00f5es O barbeiro pode adaptar o corte conforme sua prefer\u00eancia: Para Quem o Mullet Curto Funciona Melhor? Na minha opini\u00e3o, essa vers\u00e3o funciona especialmente para: O corte mullet masculino voltou renovado e encontrou nos cachos uma combina\u00e7\u00e3o quase perfeita. O corte valoriza o volume natural, oferece versatilidade e cria um visual cheio de atitude sem exigir transforma\u00e7\u00f5es radicais. Se voc\u00ea procura um estilo diferente do tradicional degrad\u00ea de sempre, talvez este seja o momento ideal para experimentar. Afinal, cabelo cresce novamente caso voc\u00ea n\u00e3o goste. Mas existe uma boa chance de voc\u00ea olhar no espelho e pensar: &#8220;Por que n\u00e3o fiz isso antes? Nos siga no instagram&nbsp;@blosospedro<\/p>\n","protected":false},"author":1,"featured_media":81,"comment_status":"open","ping_status":"open","sticky":false,"template":"","format":"standard","meta":{"_editorskit_title_hidden":false,"_editorskit_reading_time":0,"_editorskit_is_block_options_detached":false,"_editorskit_block_options_position":"{}","footnotes":""},"categories":[5],"tags":[],"class_list":["post-68","post","type-post","status-publish","format-standard","has-post-thumbnail","hentry","category-corte-de-cabelo"],"yoast_head":"<!-- This site is optimized with the Yoast SEO plugin v28.4 - https:\/\/yoast.com\/product\/yoast-seo-wordpress\/ -->\n<title>Corte Mullet Masculino Cacheado: Moderno e Cheio de Estilo<\/title>\n<meta name=\"description\" content=\"Descubra tudo sobre o corte mullet masculino cacheado, dicas de estilo, manuten\u00e7\u00e3o e inspira\u00e7\u00f5es para valorizar seus cachos.\" \/>\n<meta name=\"robots\" content=\"index, follow, max-snippet:-1, max-image-preview:large, max-video-preview:-1\" \/>\n<link rel=\"canonical\" href=\"https:\/\/sospedro.com.br\/corte-mullet-masculino-cacheado-moderno-e-cheio-de-estilo\/\" \/>\n<meta property=\"og:locale\" content=\"pt_BR\" \/>\n<meta property=\"og:type\" content=\"article\" \/>\n<meta property=\"og:title\" content=\"Corte Mullet Masculino Cacheado: Moderno e Cheio de Estilo\" \/>\n<meta property=\"og:description\" content=\"Descubra tudo sobre o corte mullet masculino cacheado, dicas de estilo, manuten\u00e7\u00e3o e inspira\u00e7\u00f5es para valorizar seus cachos.\" \/>\n<meta property=\"og:url\" content=\"https:\/\/sospedro.com.br\/corte-mullet-masculino-cacheado-moderno-e-cheio-de-estilo\/\" \/>\n<meta property=\"og:site_name\" content=\"S.O.S Pedro -\" \/>\n<meta property=\"article:published_time\" content=\"2026-06-06T12:13:57+00:00\" \/>\n<meta property=\"article:modified_time\" content=\"2026-06-06T12:13:58+00:00\" \/>\n<meta property=\"og:image\" content=\"https:\/\/sospedro.com.br\/wp-content\/uploads\/2026\/06\/Corte-Mullet-Masculino-7-1.jpeg\" \/>\n\t<meta property=\"og:image:width\" content=\"736\" \/>\n\t<meta property=\"og:image:height\" content=\"986\" \/>\n\t<meta property=\"og:image:type\" content=\"image\/jpeg\" \/>\n<meta name=\"author\" content=\"Pedro\" \/>\n<meta name=\"twitter:card\" content=\"summary_large_image\" \/>\n<meta name=\"twitter:label1\" content=\"Escrito por\" \/>\n\t<meta name=\"twitter:data1\" content=\"Pedro\" \/>\n\t<meta name=\"twitter:label2\" content=\"Est. tempo de leitura\" \/>\n\t<meta name=\"twitter:data2\" content=\"5 minutos\" \/>\n<script type=\"application\/ld+json\" class=\"yoast-schema-graph\">{\"@context\":\"https:\\\/\\\/schema.org\",\"@graph\":[{\"@type\":\"Article\",\"@id\":\"https:\\\/\\\/sospedro.com.br\\\/corte-mullet-masculino-cacheado-moderno-e-cheio-de-estilo\\\/#article\",\"isPartOf\":{\"@id\":\"https:\\\/\\\/sospedro.com.br\\\/corte-mullet-masculino-cacheado-moderno-e-cheio-de-estilo\\\/\"},\"author\":{\"name\":\"Pedro\",\"@id\":\"https:\\\/\\\/sospedro.com.br\\\/#\\\/schema\\\/person\\\/bc6594718e46fa9a4ad93a0bc459109b\"},\"headline\":\"Corte Mullet Masculino Cacheado: Moderno e Cheio de Estilo\",\"datePublished\":\"2026-06-06T12:13:57+00:00\",\"dateModified\":\"2026-06-06T12:13:58+00:00\",\"mainEntityOfPage\":{\"@id\":\"https:\\\/\\\/sospedro.com.br\\\/corte-mullet-masculino-cacheado-moderno-e-cheio-de-estilo\\\/\"},\"wordCount\":556,\"commentCount\":0,\"publisher\":{\"@id\":\"https:\\\/\\\/sospedro.com.br\\\/#\\\/schema\\\/person\\\/bc6594718e46fa9a4ad93a0bc459109b\"},\"image\":{\"@id\":\"https:\\\/\\\/sospedro.com.br\\\/corte-mullet-masculino-cacheado-moderno-e-cheio-de-estilo\\\/#primaryimage\"},\"thumbnailUrl\":\"https:\\\/\\\/sospedro.com.br\\\/wp-content\\\/uploads\\\/2026\\\/06\\\/Corte-Mullet-Masculino-7-1.jpeg\",\"articleSection\":[\"Corte de cabelo\"],\"inLanguage\":\"pt-BR\",\"potentialAction\":[{\"@type\":\"CommentAction\",\"name\":\"Comment\",\"target\":[\"https:\\\/\\\/sospedro.com.br\\\/corte-mullet-masculino-cacheado-moderno-e-cheio-de-estilo\\\/#respond\"]}]},{\"@type\":\"WebPage\",\"@id\":\"https:\\\/\\\/sospedro.com.br\\\/corte-mullet-masculino-cacheado-moderno-e-cheio-de-estilo\\\/\",\"url\":\"https:\\\/\\\/sospedro.com.br\\\/corte-mullet-masculino-cacheado-moderno-e-cheio-de-estilo\\\/\",\"name\":\"Corte Mullet Masculino Cacheado: Moderno e Cheio de Estilo\",\"isPartOf\":{\"@id\":\"https:\\\/\\\/sospedro.com.br\\\/#website\"},\"primaryImageOfPage\":{\"@id\":\"https:\\\/\\\/sospedro.com.br\\\/corte-mullet-masculino-cacheado-moderno-e-cheio-de-estilo\\\/#primaryimage\"},\"image\":{\"@id\":\"https:\\\/\\\/sospedro.com.br\\\/corte-mullet-masculino-cacheado-moderno-e-cheio-de-estilo\\\/#primaryimage\"},\"thumbnailUrl\":\"https:\\\/\\\/sospedro.com.br\\\/wp-content\\\/uploads\\\/2026\\\/06\\\/Corte-Mullet-Masculino-7-1.jpeg\",\"datePublished\":\"2026-06-06T12:13:57+00:00\",\"dateModified\":\"2026-06-06T12:13:58+00:00\",\"description\":\"Descubra tudo sobre o corte mullet masculino cacheado, dicas de estilo, manuten\u00e7\u00e3o e inspira\u00e7\u00f5es para valorizar seus cachos.\",\"breadcrumb\":{\"@id\":\"https:\\\/\\\/sospedro.com.br\\\/corte-mullet-masculino-cacheado-moderno-e-cheio-de-estilo\\\/#breadcrumb\"},\"inLanguage\":\"pt-BR\",\"potentialAction\":[{\"@type\":\"ReadAction\",\"target\":[\"https:\\\/\\\/sospedro.com.br\\\/corte-mullet-masculino-cacheado-moderno-e-cheio-de-estilo\\\/\"]}]},{\"@type\":\"ImageObject\",\"inLanguage\":\"pt-BR\",\"@id\":\"https:\\\/\\\/sospedro.com.br\\\/corte-mullet-masculino-cacheado-moderno-e-cheio-de-estilo\\\/#primaryimage\",\"url\":\"https:\\\/\\\/sospedro.com.br\\\/wp-content\\\/uploads\\\/2026\\\/06\\\/Corte-Mullet-Masculino-7-1.jpeg\",\"contentUrl\":\"https:\\\/\\\/sospedro.com.br\\\/wp-content\\\/uploads\\\/2026\\\/06\\\/Corte-Mullet-Masculino-7-1.jpeg\",\"width\":736,\"height\":986,\"caption\":\"Corte Mullet Masculino\"},{\"@type\":\"BreadcrumbList\",\"@id\":\"https:\\\/\\\/sospedro.com.br\\\/corte-mullet-masculino-cacheado-moderno-e-cheio-de-estilo\\\/#breadcrumb\",\"itemListElement\":[{\"@type\":\"ListItem\",\"position\":1,\"name\":\"In\u00edcio\",\"item\":\"https:\\\/\\\/sospedro.com.br\\\/\"},{\"@type\":\"ListItem\",\"position\":2,\"name\":\"Corte Mullet Masculino Cacheado: Moderno e Cheio de Estilo\"}]},{\"@type\":\"WebSite\",\"@id\":\"https:\\\/\\\/sospedro.com.br\\\/#website\",\"url\":\"https:\\\/\\\/sospedro.com.br\\\/\",\"name\":\"Blog S.O.S Pedro\",\"description\":\"Moda, beleza, tend\u00eancias e comportamento\",\"publisher\":{\"@id\":\"https:\\\/\\\/sospedro.com.br\\\/#\\\/schema\\\/person\\\/bc6594718e46fa9a4ad93a0bc459109b\"},\"potentialAction\":[{\"@type\":\"SearchAction\",\"target\":{\"@type\":\"EntryPoint\",\"urlTemplate\":\"https:\\\/\\\/sospedro.com.br\\\/?s={search_term_string}\"},\"query-input\":{\"@type\":\"PropertyValueSpecification\",\"valueRequired\":true,\"valueName\":\"search_term_string\"}}],\"inLanguage\":\"pt-BR\"},{\"@type\":[\"Person\",\"Organization\"],\"@id\":\"https:\\\/\\\/sospedro.com.br\\\/#\\\/schema\\\/person\\\/bc6594718e46fa9a4ad93a0bc459109b\",\"name\":\"Pedro\",\"image\":{\"@type\":\"ImageObject\",\"inLanguage\":\"pt-BR\",\"@id\":\"https:\\\/\\\/sospedro.com.br\\\/wp-content\\\/uploads\\\/2026\\\/06\\\/cropped-cropped-Artboard-1.png\",\"url\":\"https:\\\/\\\/sospedro.com.br\\\/wp-content\\\/uploads\\\/2026\\\/06\\\/cropped-cropped-Artboard-1.png\",\"contentUrl\":\"https:\\\/\\\/sospedro.com.br\\\/wp-content\\\/uploads\\\/2026\\\/06\\\/cropped-cropped-Artboard-1.png\",\"width\":864,\"height\":161,\"caption\":\"Pedro\"},\"logo\":{\"@id\":\"https:\\\/\\\/sospedro.com.br\\\/wp-content\\\/uploads\\\/2026\\\/06\\\/cropped-cropped-Artboard-1.png\"},\"sameAs\":[\"https:\\\/\\\/sospedro.com.br\"],\"url\":\"https:\\\/\\\/sospedro.com.br\\\/author\\\/pedro\\\/\"}]}<\/script>\n<!-- \/ Yoast SEO plugin. -->","yoast_head_json":{"title":"Corte Mullet Masculino Cacheado: Moderno e Cheio de Estilo","description":"Descubra tudo sobre o corte mullet masculino cacheado, dicas de estilo, manuten\u00e7\u00e3o e inspira\u00e7\u00f5es para valorizar seus cachos.","robots":{"index":"index","follow":"follow","max-snippet":"max-snippet:-1","max-image-preview":"max-image-preview:large","max-video-preview":"max-video-preview:-1"},"canonical":"https:\/\/sospedro.com.br\/corte-mullet-masculino-cacheado-moderno-e-cheio-de-estilo\/","og_locale":"pt_BR","og_type":"article","og_title":"Corte Mullet Masculino Cacheado: Moderno e Cheio de Estilo","og_description":"Descubra tudo sobre o corte mullet masculino cacheado, dicas de estilo, manuten\u00e7\u00e3o e inspira\u00e7\u00f5es para valorizar seus cachos.","og_url":"https:\/\/sospedro.com.br\/corte-mullet-masculino-cacheado-moderno-e-cheio-de-estilo\/","og_site_name":"S.O.S Pedro -","article_published_time":"2026-06-06T12:13:57+00:00","article_modified_time":"2026-06-06T12:13:58+00:00","og_image":[{"width":736,"height":986,"url":"https:\/\/sospedro.com.br\/wp-content\/uploads\/2026\/06\/Corte-Mullet-Masculino-7-1.jpeg","type":"image\/jpeg"}],"author":"Pedro","twitter_card":"summary_large_image","twitter_misc":{"Escrito por":"Pedro","Est. tempo de leitura":"5 minutos"},"schema":{"@context":"https:\/\/schema.org","@graph":[{"@type":"Article","@id":"https:\/\/sospedro.com.br\/corte-mullet-masculino-cacheado-moderno-e-cheio-de-estilo\/#article","isPartOf":{"@id":"https:\/\/sospedro.com.br\/corte-mullet-masculino-cacheado-moderno-e-cheio-de-estilo\/"},"author":{"name":"Pedro","@id":"https:\/\/sospedro.com.br\/#\/schema\/person\/bc6594718e46fa9a4ad93a0bc459109b"},"headline":"Corte Mullet Masculino Cacheado: Moderno e Cheio de Estilo","datePublished":"2026-06-06T12:13:57+00:00","dateModified":"2026-06-06T12:13:58+00:00","mainEntityOfPage":{"@id":"https:\/\/sospedro.com.br\/corte-mullet-masculino-cacheado-moderno-e-cheio-de-estilo\/"},"wordCount":556,"commentCount":0,"publisher":{"@id":"https:\/\/sospedro.com.br\/#\/schema\/person\/bc6594718e46fa9a4ad93a0bc459109b"},"image":{"@id":"https:\/\/sospedro.com.br\/corte-mullet-masculino-cacheado-moderno-e-cheio-de-estilo\/#primaryimage"},"thumbnailUrl":"https:\/\/sospedro.com.br\/wp-content\/uploads\/2026\/06\/Corte-Mullet-Masculino-7-1.jpeg","articleSection":["Corte de cabelo"],"inLanguage":"pt-BR","potentialAction":[{"@type":"CommentAction","name":"Comment","target":["https:\/\/sospedro.com.br\/corte-mullet-masculino-cacheado-moderno-e-cheio-de-estilo\/#respond"]}]},{"@type":"WebPage","@id":"https:\/\/sospedro.com.br\/corte-mullet-masculino-cacheado-moderno-e-cheio-de-estilo\/","url":"https:\/\/sospedro.com.br\/corte-mullet-masculino-cacheado-moderno-e-cheio-de-estilo\/","name":"Corte Mullet Masculino Cacheado: Moderno e Cheio de Estilo","isPartOf":{"@id":"https:\/\/sospedro.com.br\/#website"},"primaryImageOfPage":{"@id":"https:\/\/sospedro.com.br\/corte-mullet-masculino-cacheado-moderno-e-cheio-de-estilo\/#primaryimage"},"image":{"@id":"https:\/\/sospedro.com.br\/corte-mullet-masculino-cacheado-moderno-e-cheio-de-estilo\/#primaryimage"},"thumbnailUrl":"https:\/\/sospedro.com.br\/wp-content\/uploads\/2026\/06\/Corte-Mullet-Masculino-7-1.jpeg","datePublished":"2026-06-06T12:13:57+00:00","dateModified":"2026-06-06T12:13:58+00:00","description":"Descubra tudo sobre o corte mullet masculino cacheado, dicas de estilo, manuten\u00e7\u00e3o e inspira\u00e7\u00f5es para valorizar seus cachos.","breadcrumb":{"@id":"https:\/\/sospedro.com.br\/corte-mullet-masculino-cacheado-moderno-e-cheio-de-estilo\/#breadcrumb"},"inLanguage":"pt-BR","potentialAction":[{"@type":"ReadAction","target":["https:\/\/sospedro.com.br\/corte-mullet-masculino-cacheado-moderno-e-cheio-de-estilo\/"]}]},{"@type":"ImageObject","inLanguage":"pt-BR","@id":"https:\/\/sospedro.com.br\/corte-mullet-masculino-cacheado-moderno-e-cheio-de-estilo\/#primaryimage","url":"https:\/\/sospedro.com.br\/wp-content\/uploads\/2026\/06\/Corte-Mullet-Masculino-7-1.jpeg","contentUrl":"https:\/\/sospedro.com.br\/wp-content\/uploads\/2026\/06\/Corte-Mullet-Masculino-7-1.jpeg","width":736,"height":986,"caption":"Corte Mullet Masculino"},{"@type":"BreadcrumbList","@id":"https:\/\/sospedro.com.br\/corte-mullet-masculino-cacheado-moderno-e-cheio-de-estilo\/#breadcrumb","itemListElement":[{"@type":"ListItem","position":1,"name":"In\u00edcio","item":"https:\/\/sospedro.com.br\/"},{"@type":"ListItem","position":2,"name":"Corte Mullet Masculino Cacheado: Moderno e Cheio de Estilo"}]},{"@type":"WebSite","@id":"https:\/\/sospedro.com.br\/#website","url":"https:\/\/sospedro.com.br\/","name":"Blog S.O.S Pedro","description":"Moda, beleza, tend\u00eancias e comportamento","publisher":{"@id":"https:\/\/sospedro.com.br\/#\/schema\/person\/bc6594718e46fa9a4ad93a0bc459109b"},"potentialAction":[{"@type":"SearchAction","target":{"@type":"EntryPoint","urlTemplate":"https:\/\/sospedro.com.br\/?s={search_term_string}"},"query-input":{"@type":"PropertyValueSpecification","valueRequired":true,"valueName":"search_term_string"}}],"inLanguage":"pt-BR"},{"@type":["Person","Organization"],"@id":"https:\/\/sospedro.com.br\/#\/schema\/person\/bc6594718e46fa9a4ad93a0bc459109b","name":"Pedro","image":{"@type":"ImageObject","inLanguage":"pt-BR","@id":"https:\/\/sospedro.com.br\/wp-content\/uploads\/2026\/06\/cropped-cropped-Artboard-1.png","url":"https:\/\/sospedro.com.br\/wp-content\/uploads\/2026\/06\/cropped-cropped-Artboard-1.png","contentUrl":"https:\/\/sospedro.com.br\/wp-content\/uploads\/2026\/06\/cropped-cropped-Artboard-1.png","width":864,"height":161,"caption":"Pedro"},"logo":{"@id":"https:\/\/sospedro.com.br\/wp-content\/uploads\/2026\/06\/cropped-cropped-Artboard-1.png"},"sameAs":["https:\/\/sospedro.com.br"],"url":"https:\/\/sospedro.com.br\/author\/pedro\/"}]}},"_links":{"self":[{"href":"https:\/\/sospedro.com.br\/wp-json\/wp\/v2\/posts\/68","targetHints":{"allow":["GET"]}}],"collection":[{"href":"https:\/\/sospedro.com.br\/wp-json\/wp\/v2\/posts"}],"about":[{"href":"https:\/\/sospedro.com.br\/wp-json\/wp\/v2\/types\/post"}],"author":[{"embeddable":true,"href":"https:\/\/sospedro.com.br\/wp-json\/wp\/v2\/users\/1"}],"replies":[{"embeddable":true,"href":"https:\/\/sospedro.com.br\/wp-json\/wp\/v2\/comments?post=68"}],"version-history":[{"count":4,"href":"https:\/\/sospedro.com.br\/wp-json\/wp\/v2\/posts\/68\/revisions"}],"predecessor-version":[{"id":82,"href":"https:\/\/sospedro.com.br\/wp-json\/wp\/v2\/posts\/68\/revisions\/82"}],"wp:featuredmedia":[{"embeddable":true,"href":"https:\/\/sospedro.com.br\/wp-json\/wp\/v2\/media\/81"}],"wp:attachment":[{"href":"https:\/\/sospedro.com.br\/wp-json\/wp\/v2\/media?parent=68"}],"wp:term":[{"taxonomy":"category","embeddable":true,"href":"https:\/\/sospedro.com.br\/wp-json\/wp\/v2\/categories?post=68"},{"taxonomy":"post_tag","embeddable":true,"href":"https:\/\/sospedro.com.br\/wp-json\/wp\/v2\/tags?post=68"}],"curies":[{"name":"wp","href":"https:\/\/api.w.org\/{rel}","templated":true}]}}