{"id":278,"date":"2026-07-28T15:34:34","date_gmt":"2026-07-28T15:34:34","guid":{"rendered":"https:\/\/sospedro.com.br\/?p=278"},"modified":"2026-07-28T15:34:35","modified_gmt":"2026-07-28T15:34:35","slug":"corte-buzz-cut-fade","status":"publish","type":"post","link":"https:\/\/sospedro.com.br\/corte-buzz-cut-fade\/","title":{"rendered":"Corte buzz cut fade: 20 ideias de cortes para renovar o visual"},"content":{"rendered":"\n<p class=\"wp-block-paragraph\">Se existe um corte masculino que nunca sai de moda, esse corte atende pelo nome de <strong>corte buzz cut fade<\/strong>. Ele combina praticidade, estilo e um acabamento moderno que funciona em praticamente qualquer formato de rosto. N\u00e3o importa se voc\u00ea prefere um visual discreto ou algo que chame mais aten\u00e7\u00e3o, sempre existe uma vers\u00e3o perfeita desse corte.<\/p>\n\n\n\n<p class=\"wp-block-paragraph\">Eu gosto bastante desse estilo justamente porque ele resolve um problema que muita gente enfrenta: acordar, olhar para o espelho e n\u00e3o precisar negociar com o cabelo. Cinco segundos depois, voc\u00ea j\u00e1 est\u00e1 pronto. Convenhamos, isso vale ouro.<\/p>\n\n\n\n<p class=\"wp-block-paragraph\">Voc\u00ea vai conhecer <strong>20 ideias de corte buzz cut fade<\/strong> para encontrar a op\u00e7\u00e3o que mais combina com sua personalidade.<\/p>\n\n\n\n<h2 class=\"wp-block-heading\">Corte buzz cut fade: por que esse corte faz tanto sucesso?<\/h2>\n\n\n\n<p class=\"wp-block-paragraph\">O <strong>buzz cut fade<\/strong> mistura duas tend\u00eancias que funcionam muito bem juntas. O <strong>buzz cut<\/strong> mant\u00e9m o cabelo bem curto, enquanto o <strong>fade<\/strong> cria um degrad\u00ea nas laterais e na nuca. O resultado fica moderno, limpo e muito f\u00e1cil de manter.<\/p>\n\n\n\n<p class=\"wp-block-paragraph\">Al\u00e9m da praticidade, esse corte destaca o formato do rosto e transmite uma apar\u00eancia mais organizada. N\u00e3o \u00e9 \u00e0 toa que atletas, artistas e influenciadores apostam nele com frequ\u00eancia.<\/p>\n\n\n\n<h1 class=\"wp-block-heading\">20 ideias de corte buzz cut fade<\/h1>\n\n\n\n<h2 class=\"wp-block-heading\">1. Corte buzz cut fade cl\u00e1ssico<\/h2>\n\n\n\n<figure class=\"wp-block-image size-large\"><img loading=\"lazy\" decoding=\"async\" width=\"594\" height=\"1024\" src=\"https:\/\/sospedro.com.br\/wp-content\/uploads\/2026\/06\/Corte-buzz-cut-fade-classico-594x1024.jpeg\" alt=\"\" class=\"wp-image-391\" srcset=\"https:\/\/sospedro.com.br\/wp-content\/uploads\/2026\/06\/Corte-buzz-cut-fade-classico-594x1024.jpeg 594w, https:\/\/sospedro.com.br\/wp-content\/uploads\/2026\/06\/Corte-buzz-cut-fade-classico-174x300.jpeg 174w, https:\/\/sospedro.com.br\/wp-content\/uploads\/2026\/06\/Corte-buzz-cut-fade-classico-150x259.jpeg 150w, https:\/\/sospedro.com.br\/wp-content\/uploads\/2026\/06\/Corte-buzz-cut-fade-classico.jpeg 735w\" sizes=\"auto, (max-width: 594px) 100vw, 594px\" \/><\/figure>\n\n\n\n<p class=\"wp-block-paragraph\">Essa \u00e9 a vers\u00e3o mais tradicional. O topo fica totalmente uniforme e o degrad\u00ea come\u00e7a nas laterais. <strong>\u00c9 uma escolha segura para qualquer idade.<\/strong><\/p>\n\n\n\n<h2 class=\"wp-block-heading\">2. Corte buzz cut fade baixo (Low Fade)<\/h2>\n\n\n\n<figure class=\"wp-block-image size-full\"><img loading=\"lazy\" decoding=\"async\" width=\"735\" height=\"883\" src=\"https:\/\/sospedro.com.br\/wp-content\/uploads\/2026\/07\/Corte-buzz-cut-fade-baixo-Low-Fade.jpeg\" alt=\"\" class=\"wp-image-392\" srcset=\"https:\/\/sospedro.com.br\/wp-content\/uploads\/2026\/07\/Corte-buzz-cut-fade-baixo-Low-Fade.jpeg 735w, https:\/\/sospedro.com.br\/wp-content\/uploads\/2026\/07\/Corte-buzz-cut-fade-baixo-Low-Fade-250x300.jpeg 250w, https:\/\/sospedro.com.br\/wp-content\/uploads\/2026\/07\/Corte-buzz-cut-fade-baixo-Low-Fade-150x180.jpeg 150w\" sizes=\"auto, (max-width: 735px) 100vw, 735px\" \/><\/figure>\n\n\n\n<p class=\"wp-block-paragraph\">O degrad\u00ea come\u00e7a pr\u00f3ximo das orelhas. O visual fica discreto e elegante. Eu gosto dessa vers\u00e3o porque ela combina perfeitamente com ambientes profissionais.<\/p>\n\n\n\n<h2 class=\"wp-block-heading\">3. Corte buzz cut fade m\u00e9dio (Mid Fade)<\/h2>\n\n\n\n<figure class=\"wp-block-image size-full\"><img loading=\"lazy\" decoding=\"async\" width=\"828\" height=\"1005\" src=\"https:\/\/sospedro.com.br\/wp-content\/uploads\/2026\/07\/Corte-buzz-cut-fade-medio-Mid-Fade.jpg\" alt=\"\" class=\"wp-image-393\" srcset=\"https:\/\/sospedro.com.br\/wp-content\/uploads\/2026\/07\/Corte-buzz-cut-fade-medio-Mid-Fade.jpg 828w, https:\/\/sospedro.com.br\/wp-content\/uploads\/2026\/07\/Corte-buzz-cut-fade-medio-Mid-Fade-247x300.jpg 247w, https:\/\/sospedro.com.br\/wp-content\/uploads\/2026\/07\/Corte-buzz-cut-fade-medio-Mid-Fade-768x932.jpg 768w, https:\/\/sospedro.com.br\/wp-content\/uploads\/2026\/07\/Corte-buzz-cut-fade-medio-Mid-Fade-150x182.jpg 150w\" sizes=\"auto, (max-width: 828px) 100vw, 828px\" \/><\/figure>\n\n\n\n<p class=\"wp-block-paragraph\">O fade come\u00e7a no meio da lateral da cabe\u00e7a. Esse estilo cria um equil\u00edbrio entre o cl\u00e1ssico e o moderno. <strong>\u00c9 um dos cortes mais pedidos atualmente.<\/strong><\/p>\n\n\n\n<h2 class=\"wp-block-heading\">4. Corte buzz cut fade alto (High Fade)<\/h2>\n\n\n\n<figure class=\"wp-block-image size-large\"><img loading=\"lazy\" decoding=\"async\" width=\"576\" height=\"1024\" src=\"https:\/\/sospedro.com.br\/wp-content\/uploads\/2026\/07\/Corte-buzz-cut-fade-alto-High-Fade-576x1024.jpeg\" alt=\"\" class=\"wp-image-394\" srcset=\"https:\/\/sospedro.com.br\/wp-content\/uploads\/2026\/07\/Corte-buzz-cut-fade-alto-High-Fade-576x1024.jpeg 576w, https:\/\/sospedro.com.br\/wp-content\/uploads\/2026\/07\/Corte-buzz-cut-fade-alto-High-Fade-169x300.jpeg 169w, https:\/\/sospedro.com.br\/wp-content\/uploads\/2026\/07\/Corte-buzz-cut-fade-alto-High-Fade-150x267.jpeg 150w, https:\/\/sospedro.com.br\/wp-content\/uploads\/2026\/07\/Corte-buzz-cut-fade-alto-High-Fade.jpeg 736w\" sizes=\"auto, (max-width: 576px) 100vw, 576px\" \/><\/figure>\n\n\n\n<p class=\"wp-block-paragraph\">Aqui o degrad\u00ea sobe bastante. O contraste chama mais aten\u00e7\u00e3o e deixa o rosto em evid\u00eancia. Se voc\u00ea gosta de um visual marcante, essa op\u00e7\u00e3o dificilmente decepciona.<\/p>\n\n\n\n<h2 class=\"wp-block-heading\">5. Corte buzz cut fade com barba<\/h2>\n\n\n\n<figure class=\"wp-block-image size-full\"><img loading=\"lazy\" decoding=\"async\" width=\"564\" height=\"845\" src=\"https:\/\/sospedro.com.br\/wp-content\/uploads\/2026\/07\/Corte-buzz-cut-fade-com-barba.jpeg\" alt=\"\" class=\"wp-image-395\" srcset=\"https:\/\/sospedro.com.br\/wp-content\/uploads\/2026\/07\/Corte-buzz-cut-fade-com-barba.jpeg 564w, https:\/\/sospedro.com.br\/wp-content\/uploads\/2026\/07\/Corte-buzz-cut-fade-com-barba-200x300.jpeg 200w, https:\/\/sospedro.com.br\/wp-content\/uploads\/2026\/07\/Corte-buzz-cut-fade-com-barba-150x225.jpeg 150w\" sizes=\"auto, (max-width: 564px) 100vw, 564px\" \/><\/figure>\n\n\n\n<p class=\"wp-block-paragraph\">Poucas combina\u00e7\u00f5es funcionam t\u00e3o bem. A barba cria uma transi\u00e7\u00e3o natural entre o cabelo e o rosto, deixando o visual mais masculino e sofisticado.<\/p>\n\n\n\n<h2 class=\"wp-block-heading\">6. Corte buzz cut fade com risca<\/h2>\n\n\n\n<figure class=\"wp-block-image size-full\"><img loading=\"lazy\" decoding=\"async\" width=\"720\" height=\"746\" src=\"https:\/\/sospedro.com.br\/wp-content\/uploads\/2026\/07\/Corte-buzz-cut-fade-com-risca.jpeg\" alt=\"\" class=\"wp-image-396\" srcset=\"https:\/\/sospedro.com.br\/wp-content\/uploads\/2026\/07\/Corte-buzz-cut-fade-com-risca.jpeg 720w, https:\/\/sospedro.com.br\/wp-content\/uploads\/2026\/07\/Corte-buzz-cut-fade-com-risca-290x300.jpeg 290w, https:\/\/sospedro.com.br\/wp-content\/uploads\/2026\/07\/Corte-buzz-cut-fade-com-risca-150x155.jpeg 150w\" sizes=\"auto, (max-width: 720px) 100vw, 720px\" \/><\/figure>\n\n\n\n<p class=\"wp-block-paragraph\">Uma simples risca feita na navalha muda completamente o resultado.Ela adiciona personalidade sem exagerar. \u00c9 aquele detalhe pequeno que faz muita diferen\u00e7a.<\/p>\n\n\n\n<h2 class=\"wp-block-heading\">7. Corte buzz cut fade militar<\/h2>\n\n\n\n<figure class=\"wp-block-image size-full\"><img loading=\"lazy\" decoding=\"async\" width=\"736\" height=\"736\" src=\"https:\/\/sospedro.com.br\/wp-content\/uploads\/2026\/07\/Corte-buzz-cut-fade-militar.jpeg\" alt=\"\" class=\"wp-image-397\" srcset=\"https:\/\/sospedro.com.br\/wp-content\/uploads\/2026\/07\/Corte-buzz-cut-fade-militar.jpeg 736w, https:\/\/sospedro.com.br\/wp-content\/uploads\/2026\/07\/Corte-buzz-cut-fade-militar-300x300.jpeg 300w, https:\/\/sospedro.com.br\/wp-content\/uploads\/2026\/07\/Corte-buzz-cut-fade-militar-150x150.jpeg 150w, https:\/\/sospedro.com.br\/wp-content\/uploads\/2026\/07\/Corte-buzz-cut-fade-militar-75x75.jpeg 75w, https:\/\/sospedro.com.br\/wp-content\/uploads\/2026\/07\/Corte-buzz-cut-fade-militar-96x96.jpeg 96w\" sizes=\"auto, (max-width: 736px) 100vw, 736px\" \/><\/figure>\n\n\n\n<p class=\"wp-block-paragraph\">Inspirado no estilo militar. O cabelo fica extremamente curto, oferecendo <strong>m\u00e1xima praticidade<\/strong> para quem n\u00e3o quer perder tempo arrumando o visual.<\/p>\n\n\n\n<h2 class=\"wp-block-heading\">8. Corte buzz cut fade com degrad\u00ea na pele (Skin Fade)<\/h2>\n\n\n\n<figure class=\"wp-block-image size-large\"><img loading=\"lazy\" decoding=\"async\" width=\"683\" height=\"1024\" src=\"https:\/\/sospedro.com.br\/wp-content\/uploads\/2026\/07\/Corte-buzz-cut-fade-com-degrade-na-pele-Skin-Fade-683x1024.jpeg\" alt=\"\" class=\"wp-image-398\" srcset=\"https:\/\/sospedro.com.br\/wp-content\/uploads\/2026\/07\/Corte-buzz-cut-fade-com-degrade-na-pele-Skin-Fade-683x1024.jpeg 683w, https:\/\/sospedro.com.br\/wp-content\/uploads\/2026\/07\/Corte-buzz-cut-fade-com-degrade-na-pele-Skin-Fade-200x300.jpeg 200w, https:\/\/sospedro.com.br\/wp-content\/uploads\/2026\/07\/Corte-buzz-cut-fade-com-degrade-na-pele-Skin-Fade-150x225.jpeg 150w, https:\/\/sospedro.com.br\/wp-content\/uploads\/2026\/07\/Corte-buzz-cut-fade-com-degrade-na-pele-Skin-Fade.jpeg 736w\" sizes=\"auto, (max-width: 683px) 100vw, 683px\" \/><\/figure>\n\n\n\n<p class=\"wp-block-paragraph\">Nesse modelo, o fade termina completamente rente \u00e0 pele. O contraste fica bem marcado e passa uma sensa\u00e7\u00e3o de limpeza impressionante.<\/p>\n\n\n\n<h2 class=\"wp-block-heading\">9. Corte buzz cut fade com linha frontal marcada<\/h2>\n\n\n\n<figure class=\"wp-block-image size-full\"><img loading=\"lazy\" decoding=\"async\" width=\"736\" height=\"797\" src=\"https:\/\/sospedro.com.br\/wp-content\/uploads\/2026\/07\/Corte-buzz-cut-fade-com-linha-frontal-marcada.jpeg\" alt=\"\" class=\"wp-image-399\" srcset=\"https:\/\/sospedro.com.br\/wp-content\/uploads\/2026\/07\/Corte-buzz-cut-fade-com-linha-frontal-marcada.jpeg 736w, https:\/\/sospedro.com.br\/wp-content\/uploads\/2026\/07\/Corte-buzz-cut-fade-com-linha-frontal-marcada-277x300.jpeg 277w, https:\/\/sospedro.com.br\/wp-content\/uploads\/2026\/07\/Corte-buzz-cut-fade-com-linha-frontal-marcada-150x162.jpeg 150w\" sizes=\"auto, (max-width: 736px) 100vw, 736px\" \/><\/figure>\n\n\n\n<p class=\"wp-block-paragraph\">O barbeiro desenha a linha da testa com bastante precis\u00e3o. Esse acabamento deixa o corte muito mais definido e moderno.<\/p>\n\n\n\n<h2 class=\"wp-block-heading\">10. Corte buzz cut fade para cabelo cacheado<\/h2>\n\n\n\n<figure class=\"wp-block-image size-large\"><img loading=\"lazy\" decoding=\"async\" width=\"683\" height=\"1024\" src=\"https:\/\/sospedro.com.br\/wp-content\/uploads\/2026\/07\/Corte-buzz-cut-fade-para-cabelo-cacheado-683x1024.jpeg\" alt=\"\" class=\"wp-image-400\" srcset=\"https:\/\/sospedro.com.br\/wp-content\/uploads\/2026\/07\/Corte-buzz-cut-fade-para-cabelo-cacheado-683x1024.jpeg 683w, https:\/\/sospedro.com.br\/wp-content\/uploads\/2026\/07\/Corte-buzz-cut-fade-para-cabelo-cacheado-200x300.jpeg 200w, https:\/\/sospedro.com.br\/wp-content\/uploads\/2026\/07\/Corte-buzz-cut-fade-para-cabelo-cacheado-150x225.jpeg 150w, https:\/\/sospedro.com.br\/wp-content\/uploads\/2026\/07\/Corte-buzz-cut-fade-para-cabelo-cacheado.jpeg 736w\" sizes=\"auto, (max-width: 683px) 100vw, 683px\" \/><\/figure>\n\n\n\n<p class=\"wp-block-paragraph\">Quem tem cabelo cacheado tamb\u00e9m pode aproveitar esse estilo. Mesmo com os fios curtos, a textura natural continua aparecendo e cria um visual cheio de personalidade.<\/p>\n\n\n\n<h2 class=\"wp-block-heading\">11. Corte buzz cut fade para cabelo crespo<\/h2>\n\n\n\n<figure class=\"wp-block-image size-full\"><img loading=\"lazy\" decoding=\"async\" width=\"473\" height=\"470\" src=\"https:\/\/sospedro.com.br\/wp-content\/uploads\/2026\/07\/Corte-buzz-cut-fade-para-cabelo-crespo.jpeg\" alt=\"\" class=\"wp-image-401\" srcset=\"https:\/\/sospedro.com.br\/wp-content\/uploads\/2026\/07\/Corte-buzz-cut-fade-para-cabelo-crespo.jpeg 473w, https:\/\/sospedro.com.br\/wp-content\/uploads\/2026\/07\/Corte-buzz-cut-fade-para-cabelo-crespo-300x298.jpeg 300w, https:\/\/sospedro.com.br\/wp-content\/uploads\/2026\/07\/Corte-buzz-cut-fade-para-cabelo-crespo-150x149.jpeg 150w, https:\/\/sospedro.com.br\/wp-content\/uploads\/2026\/07\/Corte-buzz-cut-fade-para-cabelo-crespo-75x75.jpeg 75w, https:\/\/sospedro.com.br\/wp-content\/uploads\/2026\/07\/Corte-buzz-cut-fade-para-cabelo-crespo-96x96.jpeg 96w\" sizes=\"auto, (max-width: 473px) 100vw, 473px\" \/><\/figure>\n\n\n\n<p class=\"wp-block-paragraph\">Esse talvez seja um dos estilos mais bonitos para cabelos crespos. O degrad\u00ea destaca a textura natural dos fios e cria um acabamento extremamente elegante.<\/p>\n\n\n\n<h2 class=\"wp-block-heading\">12. Corte buzz cut fade com pigmenta\u00e7\u00e3o<\/h2>\n\n\n\n<figure class=\"wp-block-image size-full\"><img loading=\"lazy\" decoding=\"async\" width=\"474\" height=\"855\" src=\"https:\/\/sospedro.com.br\/wp-content\/uploads\/2026\/07\/Corte-buzz-cut-fade-com-pigmentacao.jpeg\" alt=\"\" class=\"wp-image-402\" srcset=\"https:\/\/sospedro.com.br\/wp-content\/uploads\/2026\/07\/Corte-buzz-cut-fade-com-pigmentacao.jpeg 474w, https:\/\/sospedro.com.br\/wp-content\/uploads\/2026\/07\/Corte-buzz-cut-fade-com-pigmentacao-166x300.jpeg 166w, https:\/\/sospedro.com.br\/wp-content\/uploads\/2026\/07\/Corte-buzz-cut-fade-com-pigmentacao-150x271.jpeg 150w\" sizes=\"auto, (max-width: 474px) 100vw, 474px\" \/><\/figure>\n\n\n\n<p class=\"wp-block-paragraph\">Alguns barbeiros utilizam pigmenta\u00e7\u00e3o para preencher pequenas falhas. O resultado fica ainda mais uniforme, principalmente em quem possui entradas discretas.<\/p>\n\n\n\n<h2 class=\"wp-block-heading\">13. Corte buzz cut fade com sobrancelha riscada<\/h2>\n\n\n\n<figure class=\"wp-block-image size-full\"><img loading=\"lazy\" decoding=\"async\" width=\"736\" height=\"797\" src=\"https:\/\/sospedro.com.br\/wp-content\/uploads\/2026\/07\/Corte-buzz-cut-fade-com-sobrancelha-riscada.jpeg\" alt=\"\" class=\"wp-image-403\" srcset=\"https:\/\/sospedro.com.br\/wp-content\/uploads\/2026\/07\/Corte-buzz-cut-fade-com-sobrancelha-riscada.jpeg 736w, https:\/\/sospedro.com.br\/wp-content\/uploads\/2026\/07\/Corte-buzz-cut-fade-com-sobrancelha-riscada-277x300.jpeg 277w, https:\/\/sospedro.com.br\/wp-content\/uploads\/2026\/07\/Corte-buzz-cut-fade-com-sobrancelha-riscada-150x162.jpeg 150w\" sizes=\"auto, (max-width: 736px) 100vw, 736px\" \/><\/figure>\n\n\n\n<p class=\"wp-block-paragraph\">Quer um toque extra de estilo? Uma pequena risca na sobrancelha acompanha perfeitamente o corte e cria um visual moderno sem exageros.<\/p>\n\n\n\n<h2 class=\"wp-block-heading\">14. Corte buzz cut fade com barba degrad\u00ea<\/h2>\n\n\n\n<figure class=\"wp-block-image size-full\"><img loading=\"lazy\" decoding=\"async\" width=\"564\" height=\"846\" src=\"https:\/\/sospedro.com.br\/wp-content\/uploads\/2026\/07\/transferir-50.jpeg\" alt=\"\" class=\"wp-image-404\" srcset=\"https:\/\/sospedro.com.br\/wp-content\/uploads\/2026\/07\/transferir-50.jpeg 564w, https:\/\/sospedro.com.br\/wp-content\/uploads\/2026\/07\/transferir-50-200x300.jpeg 200w, https:\/\/sospedro.com.br\/wp-content\/uploads\/2026\/07\/transferir-50-150x225.jpeg 150w\" sizes=\"auto, (max-width: 564px) 100vw, 564px\" \/><\/figure>\n\n\n\n<p class=\"wp-block-paragraph\">Nesse caso, o fade continua at\u00e9 a barba. A transi\u00e7\u00e3o fica extremamente natural e deixa o acabamento muito mais refinado.<\/p>\n\n\n\n<h2 class=\"wp-block-heading\">15. Corte buzz cut fade com topo levemente maior<\/h2>\n\n\n\n<figure class=\"wp-block-image size-full\"><img loading=\"lazy\" decoding=\"async\" width=\"736\" height=\"981\" src=\"https:\/\/sospedro.com.br\/wp-content\/uploads\/2026\/07\/Corte-buzz-cut-fade-com-topo-levemente-maior.jpeg\" alt=\"\" class=\"wp-image-405\" srcset=\"https:\/\/sospedro.com.br\/wp-content\/uploads\/2026\/07\/Corte-buzz-cut-fade-com-topo-levemente-maior.jpeg 736w, https:\/\/sospedro.com.br\/wp-content\/uploads\/2026\/07\/Corte-buzz-cut-fade-com-topo-levemente-maior-225x300.jpeg 225w, https:\/\/sospedro.com.br\/wp-content\/uploads\/2026\/07\/Corte-buzz-cut-fade-com-topo-levemente-maior-640x853.jpeg 640w, https:\/\/sospedro.com.br\/wp-content\/uploads\/2026\/07\/Corte-buzz-cut-fade-com-topo-levemente-maior-150x200.jpeg 150w\" sizes=\"auto, (max-width: 736px) 100vw, 736px\" \/><\/figure>\n\n\n\n<p class=\"wp-block-paragraph\">Nem todo mundo gosta do topo totalmente raspado. Deixar alguns mil\u00edmetros extras cria mais textura e oferece um visual diferente.<\/p>\n\n\n\n<h2 class=\"wp-block-heading\">16. Corte buzz cut fade para quem tem entradas<\/h2>\n\n\n\n<figure class=\"wp-block-image size-full\"><img loading=\"lazy\" decoding=\"async\" width=\"622\" height=\"883\" src=\"https:\/\/sospedro.com.br\/wp-content\/uploads\/2026\/07\/Corte-buzz-cut-fade-para-quem-tem-entradas.jpeg\" alt=\"\" class=\"wp-image-406\" srcset=\"https:\/\/sospedro.com.br\/wp-content\/uploads\/2026\/07\/Corte-buzz-cut-fade-para-quem-tem-entradas.jpeg 622w, https:\/\/sospedro.com.br\/wp-content\/uploads\/2026\/07\/Corte-buzz-cut-fade-para-quem-tem-entradas-211x300.jpeg 211w, https:\/\/sospedro.com.br\/wp-content\/uploads\/2026\/07\/Corte-buzz-cut-fade-para-quem-tem-entradas-150x213.jpeg 150w\" sizes=\"auto, (max-width: 622px) 100vw, 622px\" \/><\/figure>\n\n\n\n<p class=\"wp-block-paragraph\">Muita gente acredita que entradas impedem esse corte. Na pr\u00e1tica acontece exatamente o contr\u00e1rio. <strong>O buzz cut fade costuma disfar\u00e7ar bastante esse detalhe.<\/strong><\/p>\n\n\n\n<h2 class=\"wp-block-heading\">17. Corte buzz cut fade com acabamento natural<\/h2>\n\n\n\n<figure class=\"wp-block-image size-full\"><img loading=\"lazy\" decoding=\"async\" width=\"736\" height=\"981\" src=\"https:\/\/sospedro.com.br\/wp-content\/uploads\/2026\/07\/Corte-buzz-cut-fade-com-acabamento-natural.jpeg\" alt=\"\" class=\"wp-image-407\" srcset=\"https:\/\/sospedro.com.br\/wp-content\/uploads\/2026\/07\/Corte-buzz-cut-fade-com-acabamento-natural.jpeg 736w, https:\/\/sospedro.com.br\/wp-content\/uploads\/2026\/07\/Corte-buzz-cut-fade-com-acabamento-natural-225x300.jpeg 225w, https:\/\/sospedro.com.br\/wp-content\/uploads\/2026\/07\/Corte-buzz-cut-fade-com-acabamento-natural-640x853.jpeg 640w, https:\/\/sospedro.com.br\/wp-content\/uploads\/2026\/07\/Corte-buzz-cut-fade-com-acabamento-natural-150x200.jpeg 150w\" sizes=\"auto, (max-width: 736px) 100vw, 736px\" \/><\/figure>\n\n\n\n<p class=\"wp-block-paragraph\">Nem todo fade precisa ter um contraste enorme. Um degrad\u00ea mais suave oferece um resultado discreto e elegante para o dia a dia.<\/p>\n\n\n\n<h2 class=\"wp-block-heading\">18. Corte buzz cut fade platinado<\/h2>\n\n\n\n<figure class=\"wp-block-image size-full\"><img loading=\"lazy\" decoding=\"async\" width=\"720\" height=\"903\" src=\"https:\/\/sospedro.com.br\/wp-content\/uploads\/2026\/07\/Corte-buzz-cut-fade-platinado.jpeg\" alt=\"\" class=\"wp-image-408\" srcset=\"https:\/\/sospedro.com.br\/wp-content\/uploads\/2026\/07\/Corte-buzz-cut-fade-platinado.jpeg 720w, https:\/\/sospedro.com.br\/wp-content\/uploads\/2026\/07\/Corte-buzz-cut-fade-platinado-239x300.jpeg 239w, https:\/\/sospedro.com.br\/wp-content\/uploads\/2026\/07\/Corte-buzz-cut-fade-platinado-150x188.jpeg 150w\" sizes=\"auto, (max-width: 720px) 100vw, 720px\" \/><\/figure>\n\n\n\n<p class=\"wp-block-paragraph\">Quer mudar completamente o visual? Descolorir os fios transforma totalmente o corte e deixa o estilo muito mais moderno. S\u00f3 prepare o bolso para a manuten\u00e7\u00e3o. O cabelo cresce r\u00e1pido e a raiz n\u00e3o perdoa ningu\u00e9m.<\/p>\n\n\n\n<h2 class=\"wp-block-heading\">19. Corte buzz cut fade com desenho<\/h2>\n\n\n\n<figure class=\"wp-block-image size-full\"><img loading=\"lazy\" decoding=\"async\" width=\"564\" height=\"704\" src=\"https:\/\/sospedro.com.br\/wp-content\/uploads\/2026\/07\/Corte-buzz-cut-fade-com-desenho.jpeg\" alt=\"\" class=\"wp-image-409\" srcset=\"https:\/\/sospedro.com.br\/wp-content\/uploads\/2026\/07\/Corte-buzz-cut-fade-com-desenho.jpeg 564w, https:\/\/sospedro.com.br\/wp-content\/uploads\/2026\/07\/Corte-buzz-cut-fade-com-desenho-240x300.jpeg 240w, https:\/\/sospedro.com.br\/wp-content\/uploads\/2026\/07\/Corte-buzz-cut-fade-com-desenho-150x187.jpeg 150w\" sizes=\"auto, (max-width: 564px) 100vw, 564px\" \/><\/figure>\n\n\n\n<p class=\"wp-block-paragraph\">Alguns barbeiros criam desenhos nas laterais utilizando a m\u00e1quina. Essa op\u00e7\u00e3o combina muito com quem gosta de um visual criativo e cheio de personalidade.<\/p>\n\n\n\n<h2 class=\"wp-block-heading\">20. Corte buzz cut fade totalmente minimalista<\/h2>\n\n\n\n<figure class=\"wp-block-image size-full\"><img loading=\"lazy\" decoding=\"async\" width=\"600\" height=\"600\" src=\"https:\/\/sospedro.com.br\/wp-content\/uploads\/2026\/07\/Corte-buzz-cut-fade-totalmente-minimalista.jpeg\" alt=\"\" class=\"wp-image-410\" srcset=\"https:\/\/sospedro.com.br\/wp-content\/uploads\/2026\/07\/Corte-buzz-cut-fade-totalmente-minimalista.jpeg 600w, https:\/\/sospedro.com.br\/wp-content\/uploads\/2026\/07\/Corte-buzz-cut-fade-totalmente-minimalista-300x300.jpeg 300w, https:\/\/sospedro.com.br\/wp-content\/uploads\/2026\/07\/Corte-buzz-cut-fade-totalmente-minimalista-150x150.jpeg 150w, https:\/\/sospedro.com.br\/wp-content\/uploads\/2026\/07\/Corte-buzz-cut-fade-totalmente-minimalista-75x75.jpeg 75w, https:\/\/sospedro.com.br\/wp-content\/uploads\/2026\/07\/Corte-buzz-cut-fade-totalmente-minimalista-96x96.jpeg 96w\" sizes=\"auto, (max-width: 600px) 100vw, 600px\" \/><\/figure>\n\n\n\n<p class=\"wp-block-paragraph\">Menos tamb\u00e9m pode ser muito mais. Sem desenhos, sem riscos e sem exageros, esse corte transmite eleg\u00e2ncia justamente pela simplicidade. \u00c0s vezes o b\u00e1sico vence. Ali\u00e1s, vence com bastante facilidade.<\/p>\n\n\n\n<h2 class=\"wp-block-heading\">Corte buzz cut fade: como manter o corte bonito por mais tempo?<\/h2>\n\n\n\n<p class=\"wp-block-paragraph\">Depois de fazer o corte, alguns cuidados fazem toda a diferen\u00e7a.<\/p>\n\n\n\n<ul class=\"wp-block-list\">\n<li><strong>Retoque o fade a cada 15 ou 20 dias.<\/strong><\/li>\n\n\n\n<li><strong>Lave o couro cabeludo regularmente.<\/strong><\/li>\n\n\n\n<li><strong>Use protetor solar se o cabelo estiver muito curto.<\/strong><\/li>\n\n\n\n<li><strong>Hidrate a barba, caso utilize.<\/strong><\/li>\n\n\n\n<li><strong>Evite deixar o corte crescer demais, pois o degrad\u00ea perde defini\u00e7\u00e3o rapidamente.<\/strong><\/li>\n<\/ul>\n\n\n\n<p class=\"wp-block-paragraph\">Como o cabelo cresce r\u00e1pido, o acabamento tamb\u00e9m desaparece r\u00e1pido. \u00c9 quase uma lei da natureza.<\/p>\n\n\n\n<h2 class=\"wp-block-heading\">Corte buzz cut fade vale a pena?<\/h2>\n\n\n\n<p class=\"wp-block-paragraph\">Na minha opini\u00e3o, vale muito.<\/p>\n\n\n\n<p class=\"wp-block-paragraph\">O <strong>corte buzz cut fade<\/strong> funciona para diferentes estilos, exige pouca manuten\u00e7\u00e3o di\u00e1ria e transmite uma apar\u00eancia sempre organizada. Al\u00e9m disso, ele combina facilmente com barba, acess\u00f3rios e praticamente qualquer tipo de roupa.<\/p>\n\n\n\n<p class=\"wp-block-paragraph\">Se voc\u00ea procura um corte moderno, pr\u00e1tico e cheio de personalidade, dificilmente encontrar\u00e1 uma op\u00e7\u00e3o melhor.<\/p>\n\n\n\n<p class=\"wp-block-paragraph\"><strong>Veja tamb\u00e9m:<\/strong> <a href=\"https:\/\/sospedro.com.br\/corte-mullet-masculino-cacheado-moderno-e-cheio-de-estilo\/\" class=\"ek-link\">Corte Mullet Masculino Cacheado: Moderno e Cheio de Estilo<\/a><\/p>\n\n\n\n<p class=\"wp-block-paragraph\">O <strong>corte buzz cut fade<\/strong> continua entre os cortes masculinos mais procurados porque re\u00fane tudo o que muita gente deseja: praticidade, estilo e versatilidade. Neste artigo voc\u00ea conheceu <strong>20 ideias diferentes<\/strong>, desde vers\u00f5es cl\u00e1ssicas at\u00e9 op\u00e7\u00f5es mais ousadas com desenhos, barba e pigmenta\u00e7\u00e3o.<\/p>\n\n\n\n<p class=\"wp-block-paragraph\">Agora basta escolher o modelo que mais combina com seu estilo e conversar com um barbeiro de confian\u00e7a. Afinal, experimentar um novo visual pode ser exatamente a mudan\u00e7a que faltava. E, na pior das hip\u00f3teses, cabelo cresce. Felizmente, esse cresce r\u00e1pido.<\/p>\n\n\n\n<p class=\"has-text-align-center wp-block-paragraph\">Nos siga no instagram&nbsp;<a href=\"https:\/\/www.instagram.com\/blogsospedro\/\">@blosospedro<\/a><\/p>\n","protected":false},"excerpt":{"rendered":"<p>Se existe um corte masculino que nunca sai de moda, esse corte atende pelo nome de corte buzz cut fade. Ele combina praticidade, estilo e um acabamento moderno que funciona em praticamente qualquer formato de rosto. N\u00e3o importa se voc\u00ea prefere um visual discreto ou algo que chame mais aten\u00e7\u00e3o, sempre existe uma vers\u00e3o perfeita desse corte. Eu gosto bastante desse estilo justamente porque ele resolve um problema que muita gente enfrenta: acordar, olhar para o espelho e n\u00e3o precisar negociar com o cabelo. Cinco segundos depois, voc\u00ea j\u00e1 est\u00e1 pronto. Convenhamos, isso vale ouro. Voc\u00ea vai conhecer 20 ideias de corte buzz cut fade para encontrar a op\u00e7\u00e3o que mais combina com sua personalidade. Corte buzz cut fade: por que esse corte faz tanto sucesso? O buzz cut fade mistura duas tend\u00eancias que funcionam muito bem juntas. O buzz cut mant\u00e9m o cabelo bem curto, enquanto o fade cria um degrad\u00ea nas laterais e na nuca. O resultado fica moderno, limpo e muito f\u00e1cil de manter. Al\u00e9m da praticidade, esse corte destaca o formato do rosto e transmite uma apar\u00eancia mais organizada. N\u00e3o \u00e9 \u00e0 toa que atletas, artistas e influenciadores apostam nele com frequ\u00eancia. 20 ideias de corte buzz cut fade 1. Corte buzz cut fade cl\u00e1ssico Essa \u00e9 a vers\u00e3o mais tradicional. O topo fica totalmente uniforme e o degrad\u00ea come\u00e7a nas laterais. \u00c9 uma escolha segura para qualquer idade. 2. Corte buzz cut fade baixo (Low Fade) O degrad\u00ea come\u00e7a pr\u00f3ximo das orelhas. O visual fica discreto e elegante. Eu gosto dessa vers\u00e3o porque ela combina perfeitamente com ambientes profissionais. 3. Corte buzz cut fade m\u00e9dio (Mid Fade) O fade come\u00e7a no meio da lateral da cabe\u00e7a. Esse estilo cria um equil\u00edbrio entre o cl\u00e1ssico e o moderno. \u00c9 um dos cortes mais pedidos atualmente. 4. Corte buzz cut fade alto (High Fade) Aqui o degrad\u00ea sobe bastante. O contraste chama mais aten\u00e7\u00e3o e deixa o rosto em evid\u00eancia. Se voc\u00ea gosta de um visual marcante, essa op\u00e7\u00e3o dificilmente decepciona. 5. Corte buzz cut fade com barba Poucas combina\u00e7\u00f5es funcionam t\u00e3o bem. A barba cria uma transi\u00e7\u00e3o natural entre o cabelo e o rosto, deixando o visual mais masculino e sofisticado. 6. Corte buzz cut fade com risca Uma simples risca feita na navalha muda completamente o resultado.Ela adiciona personalidade sem exagerar. \u00c9 aquele detalhe pequeno que faz muita diferen\u00e7a. 7. Corte buzz cut fade militar Inspirado no estilo militar. O cabelo fica extremamente curto, oferecendo m\u00e1xima praticidade para quem n\u00e3o quer perder tempo arrumando o visual. 8. Corte buzz cut fade com degrad\u00ea na pele (Skin Fade) Nesse modelo, o fade termina completamente rente \u00e0 pele. O contraste fica bem marcado e passa uma sensa\u00e7\u00e3o de limpeza impressionante. 9. Corte buzz cut fade com linha frontal marcada O barbeiro desenha a linha da testa com bastante precis\u00e3o. Esse acabamento deixa o corte muito mais definido e moderno. 10. Corte buzz cut fade para cabelo cacheado Quem tem cabelo cacheado tamb\u00e9m pode aproveitar esse estilo. Mesmo com os fios curtos, a textura natural continua aparecendo e cria um visual cheio de personalidade. 11. Corte buzz cut fade para cabelo crespo Esse talvez seja um dos estilos mais bonitos para cabelos crespos. O degrad\u00ea destaca a textura natural dos fios e cria um acabamento extremamente elegante. 12. Corte buzz cut fade com pigmenta\u00e7\u00e3o Alguns barbeiros utilizam pigmenta\u00e7\u00e3o para preencher pequenas falhas. O resultado fica ainda mais uniforme, principalmente em quem possui entradas discretas. 13. Corte buzz cut fade com sobrancelha riscada Quer um toque extra de estilo? Uma pequena risca na sobrancelha acompanha perfeitamente o corte e cria um visual moderno sem exageros. 14. Corte buzz cut fade com barba degrad\u00ea Nesse caso, o fade continua at\u00e9 a barba. A transi\u00e7\u00e3o fica extremamente natural e deixa o acabamento muito mais refinado. 15. Corte buzz cut fade com topo levemente maior Nem todo mundo gosta do topo totalmente raspado. Deixar alguns mil\u00edmetros extras cria mais textura e oferece um visual diferente. 16. Corte buzz cut fade para quem tem entradas Muita gente acredita que entradas impedem esse corte. Na pr\u00e1tica acontece exatamente o contr\u00e1rio. O buzz cut fade costuma disfar\u00e7ar bastante esse detalhe. 17. Corte buzz cut fade com acabamento natural Nem todo fade precisa ter um contraste enorme. Um degrad\u00ea mais suave oferece um resultado discreto e elegante para o dia a dia. 18. Corte buzz cut fade platinado Quer mudar completamente o visual? Descolorir os fios transforma totalmente o corte e deixa o estilo muito mais moderno. S\u00f3 prepare o bolso para a manuten\u00e7\u00e3o. O cabelo cresce r\u00e1pido e a raiz n\u00e3o perdoa ningu\u00e9m. 19. Corte buzz cut fade com desenho Alguns barbeiros criam desenhos nas laterais utilizando a m\u00e1quina. Essa op\u00e7\u00e3o combina muito com quem gosta de um visual criativo e cheio de personalidade. 20. Corte buzz cut fade totalmente minimalista Menos tamb\u00e9m pode ser muito mais. Sem desenhos, sem riscos e sem exageros, esse corte transmite eleg\u00e2ncia justamente pela simplicidade. \u00c0s vezes o b\u00e1sico vence. Ali\u00e1s, vence com bastante facilidade. Corte buzz cut fade: como manter o corte bonito por mais tempo? Depois de fazer o corte, alguns cuidados fazem toda a diferen\u00e7a. Como o cabelo cresce r\u00e1pido, o acabamento tamb\u00e9m desaparece r\u00e1pido. \u00c9 quase uma lei da natureza. Corte buzz cut fade vale a pena? Na minha opini\u00e3o, vale muito. O corte buzz cut fade funciona para diferentes estilos, exige pouca manuten\u00e7\u00e3o di\u00e1ria e transmite uma apar\u00eancia sempre organizada. Al\u00e9m disso, ele combina facilmente com barba, acess\u00f3rios e praticamente qualquer tipo de roupa. Se voc\u00ea procura um corte moderno, pr\u00e1tico e cheio de personalidade, dificilmente encontrar\u00e1 uma op\u00e7\u00e3o melhor. Veja tamb\u00e9m: Corte Mullet Masculino Cacheado: Moderno e Cheio de Estilo O corte buzz cut fade continua entre os cortes masculinos mais procurados porque re\u00fane tudo o que muita gente deseja: praticidade, estilo e versatilidade. Neste artigo voc\u00ea conheceu 20 ideias diferentes, desde vers\u00f5es cl\u00e1ssicas at\u00e9 op\u00e7\u00f5es mais ousadas com desenhos, barba e pigmenta\u00e7\u00e3o. Agora basta escolher o modelo que mais combina com seu estilo e conversar com um barbeiro de confian\u00e7a. Afinal, experimentar um novo visual pode ser exatamente a mudan\u00e7a que faltava. E, na pior das hip\u00f3teses, cabelo cresce. Felizmente, esse cresce r\u00e1pido. Nos siga no instagram&nbsp;@blosospedro<\/p>\n","protected":false},"author":1,"featured_media":411,"comment_status":"open","ping_status":"open","sticky":false,"template":"","format":"standard","meta":{"_editorskit_title_hidden":false,"_editorskit_reading_time":0,"_editorskit_is_block_options_detached":false,"_editorskit_block_options_position":"{}","footnotes":""},"categories":[5],"tags":[],"class_list":["post-278","post","type-post","status-publish","format-standard","has-post-thumbnail","hentry","category-corte-de-cabelo"],"yoast_head":"<!-- This site is optimized with the Yoast SEO plugin v28.4 - https:\/\/yoast.com\/product\/yoast-seo-wordpress\/ -->\n<title>Corte buzz cut fade: 20 ideias de cortes para renovar o visual<\/title>\n<meta name=\"description\" content=\"Descubra 20 ideias de corte buzz cut fade para renovar o visual. Veja inspira\u00e7\u00f5es, dicas e escolha o estilo ideal para voc\u00ea.\" \/>\n<meta name=\"robots\" content=\"index, follow, max-snippet:-1, max-image-preview:large, max-video-preview:-1\" \/>\n<link rel=\"canonical\" href=\"https:\/\/sospedro.com.br\/corte-buzz-cut-fade\/\" \/>\n<meta property=\"og:locale\" content=\"pt_BR\" \/>\n<meta property=\"og:type\" content=\"article\" \/>\n<meta property=\"og:title\" content=\"Corte buzz cut fade: 20 ideias de cortes para renovar o visual\" \/>\n<meta property=\"og:description\" content=\"Descubra 20 ideias de corte buzz cut fade para renovar o visual. Veja inspira\u00e7\u00f5es, dicas e escolha o estilo ideal para voc\u00ea.\" \/>\n<meta property=\"og:url\" content=\"https:\/\/sospedro.com.br\/corte-buzz-cut-fade\/\" \/>\n<meta property=\"og:site_name\" content=\"S.O.S Pedro -\" \/>\n<meta property=\"article:published_time\" content=\"2026-07-28T15:34:34+00:00\" \/>\n<meta property=\"article:modified_time\" content=\"2026-07-28T15:34:35+00:00\" \/>\n<meta property=\"og:image\" content=\"https:\/\/sospedro.com.br\/wp-content\/uploads\/2026\/07\/Corte-buzz-cut-fade.png\" \/>\n\t<meta property=\"og:image:width\" content=\"1080\" \/>\n\t<meta property=\"og:image:height\" content=\"1080\" \/>\n\t<meta property=\"og:image:type\" content=\"image\/png\" \/>\n<meta name=\"author\" content=\"Pedro\" \/>\n<meta name=\"twitter:card\" content=\"summary_large_image\" \/>\n<meta name=\"twitter:label1\" content=\"Escrito por\" \/>\n\t<meta name=\"twitter:data1\" content=\"Pedro\" \/>\n\t<meta name=\"twitter:label2\" content=\"Est. tempo de leitura\" \/>\n\t<meta name=\"twitter:data2\" content=\"11 minutos\" \/>\n<script type=\"application\/ld+json\" class=\"yoast-schema-graph\">{\"@context\":\"https:\\\/\\\/schema.org\",\"@graph\":[{\"@type\":\"Article\",\"@id\":\"https:\\\/\\\/sospedro.com.br\\\/corte-buzz-cut-fade\\\/#article\",\"isPartOf\":{\"@id\":\"https:\\\/\\\/sospedro.com.br\\\/corte-buzz-cut-fade\\\/\"},\"author\":{\"name\":\"Pedro\",\"@id\":\"https:\\\/\\\/sospedro.com.br\\\/#\\\/schema\\\/person\\\/bc6594718e46fa9a4ad93a0bc459109b\"},\"headline\":\"Corte buzz cut fade: 20 ideias de cortes para renovar o visual\",\"datePublished\":\"2026-07-28T15:34:34+00:00\",\"dateModified\":\"2026-07-28T15:34:35+00:00\",\"mainEntityOfPage\":{\"@id\":\"https:\\\/\\\/sospedro.com.br\\\/corte-buzz-cut-fade\\\/\"},\"wordCount\":1131,\"commentCount\":0,\"publisher\":{\"@id\":\"https:\\\/\\\/sospedro.com.br\\\/#\\\/schema\\\/person\\\/bc6594718e46fa9a4ad93a0bc459109b\"},\"image\":{\"@id\":\"https:\\\/\\\/sospedro.com.br\\\/corte-buzz-cut-fade\\\/#primaryimage\"},\"thumbnailUrl\":\"https:\\\/\\\/sospedro.com.br\\\/wp-content\\\/uploads\\\/2026\\\/07\\\/Corte-buzz-cut-fade.png\",\"articleSection\":[\"Corte de cabelo\"],\"inLanguage\":\"pt-BR\",\"potentialAction\":[{\"@type\":\"CommentAction\",\"name\":\"Comment\",\"target\":[\"https:\\\/\\\/sospedro.com.br\\\/corte-buzz-cut-fade\\\/#respond\"]}]},{\"@type\":\"WebPage\",\"@id\":\"https:\\\/\\\/sospedro.com.br\\\/corte-buzz-cut-fade\\\/\",\"url\":\"https:\\\/\\\/sospedro.com.br\\\/corte-buzz-cut-fade\\\/\",\"name\":\"Corte buzz cut fade: 20 ideias de cortes para renovar o visual\",\"isPartOf\":{\"@id\":\"https:\\\/\\\/sospedro.com.br\\\/#website\"},\"primaryImageOfPage\":{\"@id\":\"https:\\\/\\\/sospedro.com.br\\\/corte-buzz-cut-fade\\\/#primaryimage\"},\"image\":{\"@id\":\"https:\\\/\\\/sospedro.com.br\\\/corte-buzz-cut-fade\\\/#primaryimage\"},\"thumbnailUrl\":\"https:\\\/\\\/sospedro.com.br\\\/wp-content\\\/uploads\\\/2026\\\/07\\\/Corte-buzz-cut-fade.png\",\"datePublished\":\"2026-07-28T15:34:34+00:00\",\"dateModified\":\"2026-07-28T15:34:35+00:00\",\"description\":\"Descubra 20 ideias de corte buzz cut fade para renovar o visual. Veja inspira\u00e7\u00f5es, dicas e escolha o estilo ideal para voc\u00ea.\",\"breadcrumb\":{\"@id\":\"https:\\\/\\\/sospedro.com.br\\\/corte-buzz-cut-fade\\\/#breadcrumb\"},\"inLanguage\":\"pt-BR\",\"potentialAction\":[{\"@type\":\"ReadAction\",\"target\":[\"https:\\\/\\\/sospedro.com.br\\\/corte-buzz-cut-fade\\\/\"]}]},{\"@type\":\"ImageObject\",\"inLanguage\":\"pt-BR\",\"@id\":\"https:\\\/\\\/sospedro.com.br\\\/corte-buzz-cut-fade\\\/#primaryimage\",\"url\":\"https:\\\/\\\/sospedro.com.br\\\/wp-content\\\/uploads\\\/2026\\\/07\\\/Corte-buzz-cut-fade.png\",\"contentUrl\":\"https:\\\/\\\/sospedro.com.br\\\/wp-content\\\/uploads\\\/2026\\\/07\\\/Corte-buzz-cut-fade.png\",\"width\":1080,\"height\":1080,\"caption\":\"Corte buzz cut fade\"},{\"@type\":\"BreadcrumbList\",\"@id\":\"https:\\\/\\\/sospedro.com.br\\\/corte-buzz-cut-fade\\\/#breadcrumb\",\"itemListElement\":[{\"@type\":\"ListItem\",\"position\":1,\"name\":\"In\u00edcio\",\"item\":\"https:\\\/\\\/sospedro.com.br\\\/\"},{\"@type\":\"ListItem\",\"position\":2,\"name\":\"Corte buzz cut fade: 20 ideias de cortes para renovar o visual\"}]},{\"@type\":\"WebSite\",\"@id\":\"https:\\\/\\\/sospedro.com.br\\\/#website\",\"url\":\"https:\\\/\\\/sospedro.com.br\\\/\",\"name\":\"Blog S.O.S Pedro\",\"description\":\"Moda, beleza, tend\u00eancias e comportamento\",\"publisher\":{\"@id\":\"https:\\\/\\\/sospedro.com.br\\\/#\\\/schema\\\/person\\\/bc6594718e46fa9a4ad93a0bc459109b\"},\"potentialAction\":[{\"@type\":\"SearchAction\",\"target\":{\"@type\":\"EntryPoint\",\"urlTemplate\":\"https:\\\/\\\/sospedro.com.br\\\/?s={search_term_string}\"},\"query-input\":{\"@type\":\"PropertyValueSpecification\",\"valueRequired\":true,\"valueName\":\"search_term_string\"}}],\"inLanguage\":\"pt-BR\"},{\"@type\":[\"Person\",\"Organization\"],\"@id\":\"https:\\\/\\\/sospedro.com.br\\\/#\\\/schema\\\/person\\\/bc6594718e46fa9a4ad93a0bc459109b\",\"name\":\"Pedro\",\"image\":{\"@type\":\"ImageObject\",\"inLanguage\":\"pt-BR\",\"@id\":\"https:\\\/\\\/sospedro.com.br\\\/wp-content\\\/uploads\\\/2026\\\/06\\\/cropped-cropped-Artboard-1.png\",\"url\":\"https:\\\/\\\/sospedro.com.br\\\/wp-content\\\/uploads\\\/2026\\\/06\\\/cropped-cropped-Artboard-1.png\",\"contentUrl\":\"https:\\\/\\\/sospedro.com.br\\\/wp-content\\\/uploads\\\/2026\\\/06\\\/cropped-cropped-Artboard-1.png\",\"width\":864,\"height\":161,\"caption\":\"Pedro\"},\"logo\":{\"@id\":\"https:\\\/\\\/sospedro.com.br\\\/wp-content\\\/uploads\\\/2026\\\/06\\\/cropped-cropped-Artboard-1.png\"},\"sameAs\":[\"https:\\\/\\\/sospedro.com.br\"],\"url\":\"https:\\\/\\\/sospedro.com.br\\\/author\\\/pedro\\\/\"}]}<\/script>\n<!-- \/ Yoast SEO plugin. -->","yoast_head_json":{"title":"Corte buzz cut fade: 20 ideias de cortes para renovar o visual","description":"Descubra 20 ideias de corte buzz cut fade para renovar o visual. Veja inspira\u00e7\u00f5es, dicas e escolha o estilo ideal para voc\u00ea.","robots":{"index":"index","follow":"follow","max-snippet":"max-snippet:-1","max-image-preview":"max-image-preview:large","max-video-preview":"max-video-preview:-1"},"canonical":"https:\/\/sospedro.com.br\/corte-buzz-cut-fade\/","og_locale":"pt_BR","og_type":"article","og_title":"Corte buzz cut fade: 20 ideias de cortes para renovar o visual","og_description":"Descubra 20 ideias de corte buzz cut fade para renovar o visual. Veja inspira\u00e7\u00f5es, dicas e escolha o estilo ideal para voc\u00ea.","og_url":"https:\/\/sospedro.com.br\/corte-buzz-cut-fade\/","og_site_name":"S.O.S Pedro -","article_published_time":"2026-07-28T15:34:34+00:00","article_modified_time":"2026-07-28T15:34:35+00:00","og_image":[{"width":1080,"height":1080,"url":"https:\/\/sospedro.com.br\/wp-content\/uploads\/2026\/07\/Corte-buzz-cut-fade.png","type":"image\/png"}],"author":"Pedro","twitter_card":"summary_large_image","twitter_misc":{"Escrito por":"Pedro","Est. tempo de leitura":"11 minutos"},"schema":{"@context":"https:\/\/schema.org","@graph":[{"@type":"Article","@id":"https:\/\/sospedro.com.br\/corte-buzz-cut-fade\/#article","isPartOf":{"@id":"https:\/\/sospedro.com.br\/corte-buzz-cut-fade\/"},"author":{"name":"Pedro","@id":"https:\/\/sospedro.com.br\/#\/schema\/person\/bc6594718e46fa9a4ad93a0bc459109b"},"headline":"Corte buzz cut fade: 20 ideias de cortes para renovar o visual","datePublished":"2026-07-28T15:34:34+00:00","dateModified":"2026-07-28T15:34:35+00:00","mainEntityOfPage":{"@id":"https:\/\/sospedro.com.br\/corte-buzz-cut-fade\/"},"wordCount":1131,"commentCount":0,"publisher":{"@id":"https:\/\/sospedro.com.br\/#\/schema\/person\/bc6594718e46fa9a4ad93a0bc459109b"},"image":{"@id":"https:\/\/sospedro.com.br\/corte-buzz-cut-fade\/#primaryimage"},"thumbnailUrl":"https:\/\/sospedro.com.br\/wp-content\/uploads\/2026\/07\/Corte-buzz-cut-fade.png","articleSection":["Corte de cabelo"],"inLanguage":"pt-BR","potentialAction":[{"@type":"CommentAction","name":"Comment","target":["https:\/\/sospedro.com.br\/corte-buzz-cut-fade\/#respond"]}]},{"@type":"WebPage","@id":"https:\/\/sospedro.com.br\/corte-buzz-cut-fade\/","url":"https:\/\/sospedro.com.br\/corte-buzz-cut-fade\/","name":"Corte buzz cut fade: 20 ideias de cortes para renovar o visual","isPartOf":{"@id":"https:\/\/sospedro.com.br\/#website"},"primaryImageOfPage":{"@id":"https:\/\/sospedro.com.br\/corte-buzz-cut-fade\/#primaryimage"},"image":{"@id":"https:\/\/sospedro.com.br\/corte-buzz-cut-fade\/#primaryimage"},"thumbnailUrl":"https:\/\/sospedro.com.br\/wp-content\/uploads\/2026\/07\/Corte-buzz-cut-fade.png","datePublished":"2026-07-28T15:34:34+00:00","dateModified":"2026-07-28T15:34:35+00:00","description":"Descubra 20 ideias de corte buzz cut fade para renovar o visual. Veja inspira\u00e7\u00f5es, dicas e escolha o estilo ideal para voc\u00ea.","breadcrumb":{"@id":"https:\/\/sospedro.com.br\/corte-buzz-cut-fade\/#breadcrumb"},"inLanguage":"pt-BR","potentialAction":[{"@type":"ReadAction","target":["https:\/\/sospedro.com.br\/corte-buzz-cut-fade\/"]}]},{"@type":"ImageObject","inLanguage":"pt-BR","@id":"https:\/\/sospedro.com.br\/corte-buzz-cut-fade\/#primaryimage","url":"https:\/\/sospedro.com.br\/wp-content\/uploads\/2026\/07\/Corte-buzz-cut-fade.png","contentUrl":"https:\/\/sospedro.com.br\/wp-content\/uploads\/2026\/07\/Corte-buzz-cut-fade.png","width":1080,"height":1080,"caption":"Corte buzz cut fade"},{"@type":"BreadcrumbList","@id":"https:\/\/sospedro.com.br\/corte-buzz-cut-fade\/#breadcrumb","itemListElement":[{"@type":"ListItem","position":1,"name":"In\u00edcio","item":"https:\/\/sospedro.com.br\/"},{"@type":"ListItem","position":2,"name":"Corte buzz cut fade: 20 ideias de cortes para renovar o visual"}]},{"@type":"WebSite","@id":"https:\/\/sospedro.com.br\/#website","url":"https:\/\/sospedro.com.br\/","name":"Blog S.O.S Pedro","description":"Moda, beleza, tend\u00eancias e comportamento","publisher":{"@id":"https:\/\/sospedro.com.br\/#\/schema\/person\/bc6594718e46fa9a4ad93a0bc459109b"},"potentialAction":[{"@type":"SearchAction","target":{"@type":"EntryPoint","urlTemplate":"https:\/\/sospedro.com.br\/?s={search_term_string}"},"query-input":{"@type":"PropertyValueSpecification","valueRequired":true,"valueName":"search_term_string"}}],"inLanguage":"pt-BR"},{"@type":["Person","Organization"],"@id":"https:\/\/sospedro.com.br\/#\/schema\/person\/bc6594718e46fa9a4ad93a0bc459109b","name":"Pedro","image":{"@type":"ImageObject","inLanguage":"pt-BR","@id":"https:\/\/sospedro.com.br\/wp-content\/uploads\/2026\/06\/cropped-cropped-Artboard-1.png","url":"https:\/\/sospedro.com.br\/wp-content\/uploads\/2026\/06\/cropped-cropped-Artboard-1.png","contentUrl":"https:\/\/sospedro.com.br\/wp-content\/uploads\/2026\/06\/cropped-cropped-Artboard-1.png","width":864,"height":161,"caption":"Pedro"},"logo":{"@id":"https:\/\/sospedro.com.br\/wp-content\/uploads\/2026\/06\/cropped-cropped-Artboard-1.png"},"sameAs":["https:\/\/sospedro.com.br"],"url":"https:\/\/sospedro.com.br\/author\/pedro\/"}]}},"_links":{"self":[{"href":"https:\/\/sospedro.com.br\/wp-json\/wp\/v2\/posts\/278","targetHints":{"allow":["GET"]}}],"collection":[{"href":"https:\/\/sospedro.com.br\/wp-json\/wp\/v2\/posts"}],"about":[{"href":"https:\/\/sospedro.com.br\/wp-json\/wp\/v2\/types\/post"}],"author":[{"embeddable":true,"href":"https:\/\/sospedro.com.br\/wp-json\/wp\/v2\/users\/1"}],"replies":[{"embeddable":true,"href":"https:\/\/sospedro.com.br\/wp-json\/wp\/v2\/comments?post=278"}],"version-history":[{"count":2,"href":"https:\/\/sospedro.com.br\/wp-json\/wp\/v2\/posts\/278\/revisions"}],"predecessor-version":[{"id":412,"href":"https:\/\/sospedro.com.br\/wp-json\/wp\/v2\/posts\/278\/revisions\/412"}],"wp:featuredmedia":[{"embeddable":true,"href":"https:\/\/sospedro.com.br\/wp-json\/wp\/v2\/media\/411"}],"wp:attachment":[{"href":"https:\/\/sospedro.com.br\/wp-json\/wp\/v2\/media?parent=278"}],"wp:term":[{"taxonomy":"category","embeddable":true,"href":"https:\/\/sospedro.com.br\/wp-json\/wp\/v2\/categories?post=278"},{"taxonomy":"post_tag","embeddable":true,"href":"https:\/\/sospedro.com.br\/wp-json\/wp\/v2\/tags?post=278"}],"curies":[{"name":"wp","href":"https:\/\/api.w.org\/{rel}","templated":true}]}}