{"id":275,"date":"2026-07-14T06:00:00","date_gmt":"2026-07-14T06:00:00","guid":{"rendered":"https:\/\/sospedro.com.br\/?p=275"},"modified":"2026-07-12T22:14:06","modified_gmt":"2026-07-12T22:14:06","slug":"cortes-de-cabelo-masculino-degrade-baixo-20-ideias-modernas","status":"publish","type":"post","link":"https:\/\/sospedro.com.br\/cortes-de-cabelo-masculino-degrade-baixo-20-ideias-modernas\/","title":{"rendered":"Cortes de Cabelo Masculino Degrad\u00ea Baixo: 20 Ideias Modernas"},"content":{"rendered":"\n<p class=\"wp-block-paragraph\">Se voc\u00ea quer mudar o visual sem radicalizar demais, os cortes de cabelo masculino degrad\u00ea baixo podem ser exatamente o que procura. Esse estilo conquistou espa\u00e7o nas barbearias porque combina com praticamente qualquer formato de rosto e funciona tanto em ambientes casuais quanto profissionais.<\/p>\n\n\n\n<p class=\"wp-block-paragraph\">Eu gosto bastante desse tipo de corte porque ele entrega um visual moderno sem parecer exagerado. Afinal, ningu\u00e9m quer sair da barbearia parecendo que participou de um experimento secreto de moda, certo?<\/p>\n\n\n\n<p class=\"wp-block-paragraph\">Para ajudar na escolha, separei 20 inspira\u00e7\u00f5es de corte degrad\u00ea baixo masculino que fazem sucesso e continuam em alta.<\/p>\n\n\n\n<h2 class=\"wp-block-heading\">Corte de cabelo masculino degrad\u00ea baixo cl\u00e1ssico<\/h2>\n\n\n\n<figure class=\"wp-block-image size-full is-resized\"><img loading=\"lazy\" decoding=\"async\" width=\"683\" height=\"1024\" src=\"https:\/\/sospedro.com.br\/wp-content\/uploads\/2026\/07\/Corte-de-cabelo-masculino-degrade-baixo-classico.jpeg\" alt=\"\" class=\"wp-image-310\" style=\"width:683px;height:auto\" srcset=\"https:\/\/sospedro.com.br\/wp-content\/uploads\/2026\/07\/Corte-de-cabelo-masculino-degrade-baixo-classico.jpeg 683w, https:\/\/sospedro.com.br\/wp-content\/uploads\/2026\/07\/Corte-de-cabelo-masculino-degrade-baixo-classico-200x300.jpeg 200w, https:\/\/sospedro.com.br\/wp-content\/uploads\/2026\/07\/Corte-de-cabelo-masculino-degrade-baixo-classico-150x225.jpeg 150w\" sizes=\"auto, (max-width: 683px) 100vw, 683px\" \/><\/figure>\n\n\n\n<p class=\"wp-block-paragraph\">O corte cl\u00e1ssico nunca sai de moda. O degrad\u00ea baixo come\u00e7a pr\u00f3ximo \u00e0s orelhas e cria uma transi\u00e7\u00e3o suave at\u00e9 o topo. Esse visual combina com praticamente qualquer idade e exige pouca manuten\u00e7\u00e3o no dia a dia.<\/p>\n\n\n\n<h2 class=\"wp-block-heading\">Corte de cabelo masculino degrad\u00ea baixo com topo volumoso<\/h2>\n\n\n\n<figure class=\"wp-block-image size-large\"><img loading=\"lazy\" decoding=\"async\" width=\"683\" height=\"1024\" src=\"https:\/\/sospedro.com.br\/wp-content\/uploads\/2026\/07\/Corte-de-cabelo-masculino-degrade-baixo-com-topo-volumoso-683x1024.jpeg\" alt=\"\" class=\"wp-image-313\" srcset=\"https:\/\/sospedro.com.br\/wp-content\/uploads\/2026\/07\/Corte-de-cabelo-masculino-degrade-baixo-com-topo-volumoso-683x1024.jpeg 683w, https:\/\/sospedro.com.br\/wp-content\/uploads\/2026\/07\/Corte-de-cabelo-masculino-degrade-baixo-com-topo-volumoso-200x300.jpeg 200w, https:\/\/sospedro.com.br\/wp-content\/uploads\/2026\/07\/Corte-de-cabelo-masculino-degrade-baixo-com-topo-volumoso-150x225.jpeg 150w, https:\/\/sospedro.com.br\/wp-content\/uploads\/2026\/07\/Corte-de-cabelo-masculino-degrade-baixo-com-topo-volumoso.jpeg 736w\" sizes=\"auto, (max-width: 683px) 100vw, 683px\" \/><\/figure>\n\n\n\n<p class=\"wp-block-paragraph\">Quem gosta de destacar o topo do cabelo encontra uma \u00f3tima op\u00e7\u00e3o nesse estilo. O contraste entre o volume superior e o degrad\u00ea baixo cria um visual moderno e equilibrado.<\/p>\n\n\n\n<h2 class=\"wp-block-heading\">Corte de cabelo masculino degrad\u00ea baixo com risca lateral<\/h2>\n\n\n\n<figure class=\"wp-block-image size-large\"><img loading=\"lazy\" decoding=\"async\" width=\"576\" height=\"1024\" src=\"https:\/\/sospedro.com.br\/wp-content\/uploads\/2026\/07\/Corte-de-cabelo-masculino-degrade-baixo-com-risca-lateral-576x1024.jpeg\" alt=\"\" class=\"wp-image-314\" srcset=\"https:\/\/sospedro.com.br\/wp-content\/uploads\/2026\/07\/Corte-de-cabelo-masculino-degrade-baixo-com-risca-lateral-576x1024.jpeg 576w, https:\/\/sospedro.com.br\/wp-content\/uploads\/2026\/07\/Corte-de-cabelo-masculino-degrade-baixo-com-risca-lateral-169x300.jpeg 169w, https:\/\/sospedro.com.br\/wp-content\/uploads\/2026\/07\/Corte-de-cabelo-masculino-degrade-baixo-com-risca-lateral-150x267.jpeg 150w, https:\/\/sospedro.com.br\/wp-content\/uploads\/2026\/07\/Corte-de-cabelo-masculino-degrade-baixo-com-risca-lateral.jpeg 736w\" sizes=\"auto, (max-width: 576px) 100vw, 576px\" \/><\/figure>\n\n\n\n<p class=\"wp-block-paragraph\">A risca lateral adiciona eleg\u00e2ncia ao corte sem complicar a rotina. Muitos profissionais escolhem essa vers\u00e3o porque ela transmite organiza\u00e7\u00e3o e estilo ao mesmo tempo.<\/p>\n\n\n\n<h2 class=\"wp-block-heading\">Corte de cabelo masculino degrad\u00ea baixo americano<\/h2>\n\n\n\n<figure class=\"wp-block-image size-full is-resized\"><img loading=\"lazy\" decoding=\"async\" width=\"512\" height=\"640\" src=\"https:\/\/sospedro.com.br\/wp-content\/uploads\/2026\/07\/Corte-de-cabelo-masculino-degrade-baixo-americano.jpeg\" alt=\"\" class=\"wp-image-315\" style=\"width:636px;height:auto\" srcset=\"https:\/\/sospedro.com.br\/wp-content\/uploads\/2026\/07\/Corte-de-cabelo-masculino-degrade-baixo-americano.jpeg 512w, https:\/\/sospedro.com.br\/wp-content\/uploads\/2026\/07\/Corte-de-cabelo-masculino-degrade-baixo-americano-240x300.jpeg 240w, https:\/\/sospedro.com.br\/wp-content\/uploads\/2026\/07\/Corte-de-cabelo-masculino-degrade-baixo-americano-150x188.jpeg 150w\" sizes=\"auto, (max-width: 512px) 100vw, 512px\" \/><\/figure>\n\n\n\n<p class=\"wp-block-paragraph\">O corte americano continua entre os favoritos das barbearias. O degrad\u00ea baixo deixa o acabamento mais discreto, enquanto o topo mant\u00e9m personalidade.<\/p>\n\n\n\n<h2 class=\"wp-block-heading\">Corte de cabelo masculino degrad\u00ea baixo com pompadour<\/h2>\n\n\n\n<figure class=\"wp-block-image size-full\"><img loading=\"lazy\" decoding=\"async\" width=\"736\" height=\"736\" src=\"https:\/\/sospedro.com.br\/wp-content\/uploads\/2026\/07\/Corte-de-cabelo-masculino-degrade-baixo-com-pompadour.jpeg\" alt=\"\" class=\"wp-image-316\" srcset=\"https:\/\/sospedro.com.br\/wp-content\/uploads\/2026\/07\/Corte-de-cabelo-masculino-degrade-baixo-com-pompadour.jpeg 736w, https:\/\/sospedro.com.br\/wp-content\/uploads\/2026\/07\/Corte-de-cabelo-masculino-degrade-baixo-com-pompadour-300x300.jpeg 300w, https:\/\/sospedro.com.br\/wp-content\/uploads\/2026\/07\/Corte-de-cabelo-masculino-degrade-baixo-com-pompadour-150x150.jpeg 150w, https:\/\/sospedro.com.br\/wp-content\/uploads\/2026\/07\/Corte-de-cabelo-masculino-degrade-baixo-com-pompadour-75x75.jpeg 75w, https:\/\/sospedro.com.br\/wp-content\/uploads\/2026\/07\/Corte-de-cabelo-masculino-degrade-baixo-com-pompadour-96x96.jpeg 96w\" sizes=\"auto, (max-width: 736px) 100vw, 736px\" \/><\/figure>\n\n\n\n<p class=\"wp-block-paragraph\">O pompadour valoriza bastante o volume frontal. Quando combinado com um corte degrad\u00ea baixo masculino, o resultado fica sofisticado e moderno.<\/p>\n\n\n\n<h2 class=\"wp-block-heading\">Corte de cabelo masculino degrad\u00ea baixo texturizado<\/h2>\n\n\n\n<figure class=\"wp-block-image size-full is-resized\"><img loading=\"lazy\" decoding=\"async\" width=\"564\" height=\"1002\" src=\"https:\/\/sospedro.com.br\/wp-content\/uploads\/2026\/07\/Corte-de-cabelo-masculino-degrade-baixo-texturizado.jpeg\" alt=\"\" class=\"wp-image-317\" style=\"width:644px;height:auto\" srcset=\"https:\/\/sospedro.com.br\/wp-content\/uploads\/2026\/07\/Corte-de-cabelo-masculino-degrade-baixo-texturizado.jpeg 564w, https:\/\/sospedro.com.br\/wp-content\/uploads\/2026\/07\/Corte-de-cabelo-masculino-degrade-baixo-texturizado-169x300.jpeg 169w, https:\/\/sospedro.com.br\/wp-content\/uploads\/2026\/07\/Corte-de-cabelo-masculino-degrade-baixo-texturizado-150x266.jpeg 150w\" sizes=\"auto, (max-width: 564px) 100vw, 564px\" \/><\/figure>\n\n\n\n<p class=\"wp-block-paragraph\">Esse estilo aposta em fios desconectados e movimento natural. Ele funciona muito bem para quem deseja um visual mais despojado sem perder eleg\u00e2ncia.<\/p>\n\n\n\n<h2 class=\"wp-block-heading\">Corte de cabelo masculino degrad\u00ea baixo com cabelo cacheado<\/h2>\n\n\n\n<figure class=\"wp-block-image size-large\"><img loading=\"lazy\" decoding=\"async\" width=\"576\" height=\"1024\" src=\"https:\/\/sospedro.com.br\/wp-content\/uploads\/2026\/07\/Corte-de-cabelo-masculino-degrade-baixo-com-cabelo-cacheado-576x1024.jpeg\" alt=\"\" class=\"wp-image-331\" srcset=\"https:\/\/sospedro.com.br\/wp-content\/uploads\/2026\/07\/Corte-de-cabelo-masculino-degrade-baixo-com-cabelo-cacheado-576x1024.jpeg 576w, https:\/\/sospedro.com.br\/wp-content\/uploads\/2026\/07\/Corte-de-cabelo-masculino-degrade-baixo-com-cabelo-cacheado-169x300.jpeg 169w, https:\/\/sospedro.com.br\/wp-content\/uploads\/2026\/07\/Corte-de-cabelo-masculino-degrade-baixo-com-cabelo-cacheado-150x267.jpeg 150w, https:\/\/sospedro.com.br\/wp-content\/uploads\/2026\/07\/Corte-de-cabelo-masculino-degrade-baixo-com-cabelo-cacheado.jpeg 736w\" sizes=\"auto, (max-width: 576px) 100vw, 576px\" \/><\/figure>\n\n\n\n<p class=\"wp-block-paragraph\">Os cachos ganham destaque quando o degrad\u00ea reduz o volume nas laterais. O resultado fica equilibrado e ajuda a valorizar a textura natural dos fios.<\/p>\n\n\n\n<h2 class=\"wp-block-heading\">Corte de cabelo masculino degrad\u00ea baixo com cabelo crespo<\/h2>\n\n\n\n<figure class=\"wp-block-image size-full\"><img loading=\"lazy\" decoding=\"async\" width=\"600\" height=\"900\" src=\"https:\/\/sospedro.com.br\/wp-content\/uploads\/2026\/07\/Corte-de-cabelo-masculino-degrade-baixo-com-cabelo-crespo-1.jpeg\" alt=\"\" class=\"wp-image-319\" srcset=\"https:\/\/sospedro.com.br\/wp-content\/uploads\/2026\/07\/Corte-de-cabelo-masculino-degrade-baixo-com-cabelo-crespo-1.jpeg 600w, https:\/\/sospedro.com.br\/wp-content\/uploads\/2026\/07\/Corte-de-cabelo-masculino-degrade-baixo-com-cabelo-crespo-1-200x300.jpeg 200w, https:\/\/sospedro.com.br\/wp-content\/uploads\/2026\/07\/Corte-de-cabelo-masculino-degrade-baixo-com-cabelo-crespo-1-150x225.jpeg 150w\" sizes=\"auto, (max-width: 600px) 100vw, 600px\" \/><\/figure>\n\n\n\n<p class=\"wp-block-paragraph\">O degrad\u00ea baixo destaca perfeitamente os cabelos crespos. Al\u00e9m de moderno, esse corte facilita a manuten\u00e7\u00e3o e deixa o visual mais definido.<\/p>\n\n\n\n<h2 class=\"wp-block-heading\">Corte de cabelo masculino degrad\u00ea baixo com moicano<\/h2>\n\n\n\n<figure class=\"wp-block-image size-full\"><img loading=\"lazy\" decoding=\"async\" width=\"736\" height=\"981\" src=\"https:\/\/sospedro.com.br\/wp-content\/uploads\/2026\/07\/Corte-de-cabelo-masculino-degrade-baixo-com-moicano.jpeg\" alt=\"\" class=\"wp-image-320\" srcset=\"https:\/\/sospedro.com.br\/wp-content\/uploads\/2026\/07\/Corte-de-cabelo-masculino-degrade-baixo-com-moicano.jpeg 736w, https:\/\/sospedro.com.br\/wp-content\/uploads\/2026\/07\/Corte-de-cabelo-masculino-degrade-baixo-com-moicano-225x300.jpeg 225w, https:\/\/sospedro.com.br\/wp-content\/uploads\/2026\/07\/Corte-de-cabelo-masculino-degrade-baixo-com-moicano-640x853.jpeg 640w, https:\/\/sospedro.com.br\/wp-content\/uploads\/2026\/07\/Corte-de-cabelo-masculino-degrade-baixo-com-moicano-150x200.jpeg 150w\" sizes=\"auto, (max-width: 736px) 100vw, 736px\" \/><\/figure>\n\n\n\n<p class=\"wp-block-paragraph\">O moicano moderno abandonou os exageros do passado. Hoje ele aparece com linhas mais discretas e combina muito bem com o degrad\u00ea baixo.<\/p>\n\n\n\n<h2 class=\"wp-block-heading\">Corte de cabelo masculino degrad\u00ea baixo militar<\/h2>\n\n\n\n<figure class=\"wp-block-image size-full\"><img loading=\"lazy\" decoding=\"async\" width=\"594\" height=\"687\" src=\"https:\/\/sospedro.com.br\/wp-content\/uploads\/2026\/07\/Corte-de-cabelo-masculino-degrade-baixo-militar.jpeg\" alt=\"\" class=\"wp-image-321\" srcset=\"https:\/\/sospedro.com.br\/wp-content\/uploads\/2026\/07\/Corte-de-cabelo-masculino-degrade-baixo-militar.jpeg 594w, https:\/\/sospedro.com.br\/wp-content\/uploads\/2026\/07\/Corte-de-cabelo-masculino-degrade-baixo-militar-259x300.jpeg 259w, https:\/\/sospedro.com.br\/wp-content\/uploads\/2026\/07\/Corte-de-cabelo-masculino-degrade-baixo-militar-150x173.jpeg 150w\" sizes=\"auto, (max-width: 594px) 100vw, 594px\" \/><\/figure>\n\n\n\n<p class=\"wp-block-paragraph\">O estilo militar transmite praticidade e limpeza visual. Quem prefere cortes simples e f\u00e1ceis de cuidar costuma gostar bastante dessa op\u00e7\u00e3o.<\/p>\n\n\n\n<h2 class=\"wp-block-heading\">Corte de cabelo masculino degrad\u00ea baixo com franja<\/h2>\n\n\n\n<figure class=\"wp-block-image size-full is-resized\"><img loading=\"lazy\" decoding=\"async\" width=\"500\" height=\"600\" src=\"https:\/\/sospedro.com.br\/wp-content\/uploads\/2026\/07\/Corte-de-cabelo-masculino-degrade-baixo-com-franja.jpeg\" alt=\"\" class=\"wp-image-322\" style=\"width:628px;height:auto\" srcset=\"https:\/\/sospedro.com.br\/wp-content\/uploads\/2026\/07\/Corte-de-cabelo-masculino-degrade-baixo-com-franja.jpeg 500w, https:\/\/sospedro.com.br\/wp-content\/uploads\/2026\/07\/Corte-de-cabelo-masculino-degrade-baixo-com-franja-250x300.jpeg 250w, https:\/\/sospedro.com.br\/wp-content\/uploads\/2026\/07\/Corte-de-cabelo-masculino-degrade-baixo-com-franja-150x180.jpeg 150w\" sizes=\"auto, (max-width: 500px) 100vw, 500px\" \/><\/figure>\n\n\n\n<p class=\"wp-block-paragraph\">A franja voltou com for\u00e7a nos \u00faltimos anos. Quando aparece acompanhada de um degrad\u00ea baixo, cria um visual jovem e atual.<\/p>\n\n\n\n<h2 class=\"wp-block-heading\">Corte de cabelo masculino degrad\u00ea baixo social<\/h2>\n\n\n\n<figure class=\"wp-block-image size-full\"><img loading=\"lazy\" decoding=\"async\" width=\"736\" height=\"914\" src=\"https:\/\/sospedro.com.br\/wp-content\/uploads\/2026\/07\/Corte-de-cabelo-masculino-degrade-baixo-social.jpeg\" alt=\"\" class=\"wp-image-323\" srcset=\"https:\/\/sospedro.com.br\/wp-content\/uploads\/2026\/07\/Corte-de-cabelo-masculino-degrade-baixo-social.jpeg 736w, https:\/\/sospedro.com.br\/wp-content\/uploads\/2026\/07\/Corte-de-cabelo-masculino-degrade-baixo-social-242x300.jpeg 242w, https:\/\/sospedro.com.br\/wp-content\/uploads\/2026\/07\/Corte-de-cabelo-masculino-degrade-baixo-social-150x186.jpeg 150w\" sizes=\"auto, (max-width: 736px) 100vw, 736px\" \/><\/figure>\n\n\n\n<p class=\"wp-block-paragraph\">Esse modelo agrada quem trabalha em ambientes corporativos. O acabamento discreto mant\u00e9m a eleg\u00e2ncia sem abrir m\u00e3o da modernidade.<\/p>\n\n\n\n<h2 class=\"wp-block-heading\">Corte de cabelo masculino degrad\u00ea baixo com topete<\/h2>\n\n\n\n<figure class=\"wp-block-image size-large\"><img loading=\"lazy\" decoding=\"async\" width=\"576\" height=\"1024\" src=\"https:\/\/sospedro.com.br\/wp-content\/uploads\/2026\/07\/Corte-de-cabelo-masculino-degrade-baixo-com-topete-576x1024.jpeg\" alt=\"\" class=\"wp-image-324\" srcset=\"https:\/\/sospedro.com.br\/wp-content\/uploads\/2026\/07\/Corte-de-cabelo-masculino-degrade-baixo-com-topete-576x1024.jpeg 576w, https:\/\/sospedro.com.br\/wp-content\/uploads\/2026\/07\/Corte-de-cabelo-masculino-degrade-baixo-com-topete-169x300.jpeg 169w, https:\/\/sospedro.com.br\/wp-content\/uploads\/2026\/07\/Corte-de-cabelo-masculino-degrade-baixo-com-topete-150x267.jpeg 150w, https:\/\/sospedro.com.br\/wp-content\/uploads\/2026\/07\/Corte-de-cabelo-masculino-degrade-baixo-com-topete.jpeg 736w\" sizes=\"auto, (max-width: 576px) 100vw, 576px\" \/><\/figure>\n\n\n\n<p class=\"wp-block-paragraph\">O topete continua entre os estilos masculinos mais procurados. O degrad\u00ea cria contraste e ajuda o penteado a ganhar mais destaque.<\/p>\n\n\n\n<h2 class=\"wp-block-heading\">Corte de cabelo masculino degrad\u00ea baixo com barba<\/h2>\n\n\n\n<figure class=\"wp-block-image size-full\"><img loading=\"lazy\" decoding=\"async\" width=\"564\" height=\"846\" src=\"https:\/\/sospedro.com.br\/wp-content\/uploads\/2026\/07\/Corte-de-cabelo-masculino-degrade-baixo-com-barba-1.jpeg\" alt=\"\" class=\"wp-image-334\" srcset=\"https:\/\/sospedro.com.br\/wp-content\/uploads\/2026\/07\/Corte-de-cabelo-masculino-degrade-baixo-com-barba-1.jpeg 564w, https:\/\/sospedro.com.br\/wp-content\/uploads\/2026\/07\/Corte-de-cabelo-masculino-degrade-baixo-com-barba-1-200x300.jpeg 200w, https:\/\/sospedro.com.br\/wp-content\/uploads\/2026\/07\/Corte-de-cabelo-masculino-degrade-baixo-com-barba-1-150x225.jpeg 150w\" sizes=\"auto, (max-width: 564px) 100vw, 564px\" \/><\/figure>\n\n\n\n<p class=\"wp-block-paragraph\">A conex\u00e3o entre cabelo e barba cria um acabamento muito bonito. Um barbeiro experiente consegue fazer uma transi\u00e7\u00e3o suave que valoriza todo o rosto.<\/p>\n\n\n\n<h2 class=\"wp-block-heading\">Corte de cabelo masculino degrad\u00ea baixo freestyle<\/h2>\n\n\n\n<figure class=\"wp-block-image size-full\"><img loading=\"lazy\" decoding=\"async\" width=\"564\" height=\"846\" src=\"https:\/\/sospedro.com.br\/wp-content\/uploads\/2026\/07\/Corte-de-cabelo-masculino-degrade-baixo-com-barba.jpeg\" alt=\"\" class=\"wp-image-325\" srcset=\"https:\/\/sospedro.com.br\/wp-content\/uploads\/2026\/07\/Corte-de-cabelo-masculino-degrade-baixo-com-barba.jpeg 564w, https:\/\/sospedro.com.br\/wp-content\/uploads\/2026\/07\/Corte-de-cabelo-masculino-degrade-baixo-com-barba-200x300.jpeg 200w, https:\/\/sospedro.com.br\/wp-content\/uploads\/2026\/07\/Corte-de-cabelo-masculino-degrade-baixo-com-barba-150x225.jpeg 150w\" sizes=\"auto, (max-width: 564px) 100vw, 564px\" \/><\/figure>\n\n\n\n<p class=\"wp-block-paragraph\">Quem gosta de personalidade pode apostar nos desenhos e detalhes laterais. O degrad\u00ea baixo serve como base para destacar ainda mais esses elementos.<\/p>\n\n\n\n<h2 class=\"wp-block-heading\">Corte de cabelo masculino degrad\u00ea baixo com cabelo liso<\/h2>\n\n\n\n<figure class=\"wp-block-image size-full\"><img loading=\"lazy\" decoding=\"async\" width=\"564\" height=\"1002\" src=\"https:\/\/sospedro.com.br\/wp-content\/uploads\/2026\/07\/Corte-de-cabelo-masculino-degrade-baixo-com-cabelo-liso.jpeg\" alt=\"\" class=\"wp-image-326\" srcset=\"https:\/\/sospedro.com.br\/wp-content\/uploads\/2026\/07\/Corte-de-cabelo-masculino-degrade-baixo-com-cabelo-liso.jpeg 564w, https:\/\/sospedro.com.br\/wp-content\/uploads\/2026\/07\/Corte-de-cabelo-masculino-degrade-baixo-com-cabelo-liso-169x300.jpeg 169w, https:\/\/sospedro.com.br\/wp-content\/uploads\/2026\/07\/Corte-de-cabelo-masculino-degrade-baixo-com-cabelo-liso-150x266.jpeg 150w\" sizes=\"auto, (max-width: 564px) 100vw, 564px\" \/><\/figure>\n\n\n\n<p class=\"wp-block-paragraph\">Os fios lisos facilitam bastante a defini\u00e7\u00e3o das linhas do corte. O resultado costuma ficar limpo, moderno e muito vers\u00e1til.<\/p>\n\n\n\n<h2 class=\"wp-block-heading\">Corte de cabelo masculino degrad\u00ea baixo com acabamento natural<\/h2>\n\n\n\n<figure class=\"wp-block-image size-full is-resized\"><img loading=\"lazy\" decoding=\"async\" width=\"468\" height=\"564\" src=\"https:\/\/sospedro.com.br\/wp-content\/uploads\/2026\/07\/Corte-de-cabelo-masculino-degrade-baixo-com-acabamento-natural.jpeg\" alt=\"\" class=\"wp-image-327\" style=\"width:613px;height:auto\" srcset=\"https:\/\/sospedro.com.br\/wp-content\/uploads\/2026\/07\/Corte-de-cabelo-masculino-degrade-baixo-com-acabamento-natural.jpeg 468w, https:\/\/sospedro.com.br\/wp-content\/uploads\/2026\/07\/Corte-de-cabelo-masculino-degrade-baixo-com-acabamento-natural-249x300.jpeg 249w, https:\/\/sospedro.com.br\/wp-content\/uploads\/2026\/07\/Corte-de-cabelo-masculino-degrade-baixo-com-acabamento-natural-150x181.jpeg 150w\" sizes=\"auto, (max-width: 468px) 100vw, 468px\" \/><\/figure>\n\n\n\n<p class=\"wp-block-paragraph\">Nem todo mundo gosta de contrastes marcantes. Esse estilo aposta em uma transi\u00e7\u00e3o suave que cria um visual discreto e elegante.<\/p>\n\n\n\n<h2 class=\"wp-block-heading\">Corte de cabelo masculino degrad\u00ea baixo com corte franc\u00eas<\/h2>\n\n\n\n<figure class=\"wp-block-image size-large\"><img loading=\"lazy\" decoding=\"async\" width=\"683\" height=\"1024\" src=\"https:\/\/sospedro.com.br\/wp-content\/uploads\/2026\/07\/Corte-de-cabelo-masculino-degrade-baixo-com-corte-frances-683x1024.jpeg\" alt=\"\" class=\"wp-image-328\" srcset=\"https:\/\/sospedro.com.br\/wp-content\/uploads\/2026\/07\/Corte-de-cabelo-masculino-degrade-baixo-com-corte-frances-683x1024.jpeg 683w, https:\/\/sospedro.com.br\/wp-content\/uploads\/2026\/07\/Corte-de-cabelo-masculino-degrade-baixo-com-corte-frances-200x300.jpeg 200w, https:\/\/sospedro.com.br\/wp-content\/uploads\/2026\/07\/Corte-de-cabelo-masculino-degrade-baixo-com-corte-frances-150x225.jpeg 150w, https:\/\/sospedro.com.br\/wp-content\/uploads\/2026\/07\/Corte-de-cabelo-masculino-degrade-baixo-com-corte-frances.jpeg 736w\" sizes=\"auto, (max-width: 683px) 100vw, 683px\" \/><\/figure>\n\n\n\n<p class=\"wp-block-paragraph\">O corte franc\u00eas ganhou popularidade por sua praticidade. A combina\u00e7\u00e3o com degrad\u00ea baixo oferece um visual moderno sem exigir muito tempo para arrumar.<\/p>\n\n\n\n<h2 class=\"wp-block-heading\">Corte de cabelo masculino degrad\u00ea baixo com messy hair<\/h2>\n\n\n\n<figure class=\"wp-block-image size-large\"><img loading=\"lazy\" decoding=\"async\" width=\"683\" height=\"1024\" src=\"https:\/\/sospedro.com.br\/wp-content\/uploads\/2026\/07\/Corte-de-cabelo-masculino-degrade-baixo-com-messy-hair-683x1024.jpeg\" alt=\"\" class=\"wp-image-329\" srcset=\"https:\/\/sospedro.com.br\/wp-content\/uploads\/2026\/07\/Corte-de-cabelo-masculino-degrade-baixo-com-messy-hair-683x1024.jpeg 683w, https:\/\/sospedro.com.br\/wp-content\/uploads\/2026\/07\/Corte-de-cabelo-masculino-degrade-baixo-com-messy-hair-200x300.jpeg 200w, https:\/\/sospedro.com.br\/wp-content\/uploads\/2026\/07\/Corte-de-cabelo-masculino-degrade-baixo-com-messy-hair-150x225.jpeg 150w, https:\/\/sospedro.com.br\/wp-content\/uploads\/2026\/07\/Corte-de-cabelo-masculino-degrade-baixo-com-messy-hair.jpeg 736w\" sizes=\"auto, (max-width: 683px) 100vw, 683px\" \/><\/figure>\n\n\n\n<p class=\"wp-block-paragraph\">O efeito bagun\u00e7ado controlado continua em alta. Esse corte transmite naturalidade e funciona muito bem para quem gosta de um visual casual.<\/p>\n\n\n\n<h2 class=\"wp-block-heading\">Corte de cabelo masculino degrad\u00ea baixo com slick back<\/h2>\n\n\n\n<figure class=\"wp-block-image size-large\"><img loading=\"lazy\" decoding=\"async\" width=\"683\" height=\"1024\" src=\"https:\/\/sospedro.com.br\/wp-content\/uploads\/2026\/07\/Corte-de-cabelo-masculino-degrade-baixo-com-slick-back-683x1024.jpeg\" alt=\"\" class=\"wp-image-330\" srcset=\"https:\/\/sospedro.com.br\/wp-content\/uploads\/2026\/07\/Corte-de-cabelo-masculino-degrade-baixo-com-slick-back-683x1024.jpeg 683w, https:\/\/sospedro.com.br\/wp-content\/uploads\/2026\/07\/Corte-de-cabelo-masculino-degrade-baixo-com-slick-back-200x300.jpeg 200w, https:\/\/sospedro.com.br\/wp-content\/uploads\/2026\/07\/Corte-de-cabelo-masculino-degrade-baixo-com-slick-back-150x225.jpeg 150w, https:\/\/sospedro.com.br\/wp-content\/uploads\/2026\/07\/Corte-de-cabelo-masculino-degrade-baixo-com-slick-back.jpeg 736w\" sizes=\"auto, (max-width: 683px) 100vw, 683px\" \/><\/figure>\n\n\n\n<p class=\"wp-block-paragraph\">O slick back penteia os fios para tr\u00e1s e transmite sofistica\u00e7\u00e3o. O degrad\u00ea baixo moderniza o estilo e evita que o visual pare\u00e7a antigo.<\/p>\n\n\n\n<p class=\"wp-block-paragraph\"><strong>Veja tamb\u00e9m:<\/strong> <a href=\"https:\/\/sospedro.com.br\/corte-mullet-masculino-cacheado-moderno-e-cheio-de-estilo\/\" class=\"ek-link\">Corte Mullet Masculino Cacheado: Moderno e Cheio de Estilo<\/a><\/p>\n\n\n\n<p class=\"wp-block-paragraph\">Os cortes de cabelo masculino degrad\u00ea baixo continuam entre as escolhas mais populares porque unem praticidade, eleg\u00e2ncia e versatilidade. Existe uma op\u00e7\u00e3o para cada estilo, desde os visuais mais discretos at\u00e9 os mais ousados.<\/p>\n\n\n\n<p class=\"wp-block-paragraph\">Se eu tivesse que dar uma dica final, seria simples: escolha um corte que combine com sua rotina e personalidade. Tend\u00eancias passam, mas um visual que faz voc\u00ea se sentir bem sempre funciona.<\/p>\n\n\n\n<p class=\"wp-block-paragraph\">Agora que voc\u00ea conhece essas 20 ideias de corte degrad\u00ea baixo masculino, ficou muito mais f\u00e1cil chegar na barbearia sabendo exatamente o que pedir.<\/p>\n\n\n\n<p class=\"has-text-align-center wp-block-paragraph\">Nos siga no instagram&nbsp;<a href=\"https:\/\/www.instagram.com\/blogsospedro\/\">@blosospedro<\/a><\/p>\n","protected":false},"excerpt":{"rendered":"<p>Se voc\u00ea quer mudar o visual sem radicalizar demais, os cortes de cabelo masculino degrad\u00ea baixo podem ser exatamente o que procura. Esse estilo conquistou espa\u00e7o nas barbearias porque combina com praticamente qualquer formato de rosto e funciona tanto em ambientes casuais quanto profissionais. Eu gosto bastante desse tipo de corte porque ele entrega um visual moderno sem parecer exagerado. Afinal, ningu\u00e9m quer sair da barbearia parecendo que participou de um experimento secreto de moda, certo? Para ajudar na escolha, separei 20 inspira\u00e7\u00f5es de corte degrad\u00ea baixo masculino que fazem sucesso e continuam em alta. Corte de cabelo masculino degrad\u00ea baixo cl\u00e1ssico O corte cl\u00e1ssico nunca sai de moda. O degrad\u00ea baixo come\u00e7a pr\u00f3ximo \u00e0s orelhas e cria uma transi\u00e7\u00e3o suave at\u00e9 o topo. Esse visual combina com praticamente qualquer idade e exige pouca manuten\u00e7\u00e3o no dia a dia. Corte de cabelo masculino degrad\u00ea baixo com topo volumoso Quem gosta de destacar o topo do cabelo encontra uma \u00f3tima op\u00e7\u00e3o nesse estilo. O contraste entre o volume superior e o degrad\u00ea baixo cria um visual moderno e equilibrado. Corte de cabelo masculino degrad\u00ea baixo com risca lateral A risca lateral adiciona eleg\u00e2ncia ao corte sem complicar a rotina. Muitos profissionais escolhem essa vers\u00e3o porque ela transmite organiza\u00e7\u00e3o e estilo ao mesmo tempo. Corte de cabelo masculino degrad\u00ea baixo americano O corte americano continua entre os favoritos das barbearias. O degrad\u00ea baixo deixa o acabamento mais discreto, enquanto o topo mant\u00e9m personalidade. Corte de cabelo masculino degrad\u00ea baixo com pompadour O pompadour valoriza bastante o volume frontal. Quando combinado com um corte degrad\u00ea baixo masculino, o resultado fica sofisticado e moderno. Corte de cabelo masculino degrad\u00ea baixo texturizado Esse estilo aposta em fios desconectados e movimento natural. Ele funciona muito bem para quem deseja um visual mais despojado sem perder eleg\u00e2ncia. Corte de cabelo masculino degrad\u00ea baixo com cabelo cacheado Os cachos ganham destaque quando o degrad\u00ea reduz o volume nas laterais. O resultado fica equilibrado e ajuda a valorizar a textura natural dos fios. Corte de cabelo masculino degrad\u00ea baixo com cabelo crespo O degrad\u00ea baixo destaca perfeitamente os cabelos crespos. Al\u00e9m de moderno, esse corte facilita a manuten\u00e7\u00e3o e deixa o visual mais definido. Corte de cabelo masculino degrad\u00ea baixo com moicano O moicano moderno abandonou os exageros do passado. Hoje ele aparece com linhas mais discretas e combina muito bem com o degrad\u00ea baixo. Corte de cabelo masculino degrad\u00ea baixo militar O estilo militar transmite praticidade e limpeza visual. Quem prefere cortes simples e f\u00e1ceis de cuidar costuma gostar bastante dessa op\u00e7\u00e3o. Corte de cabelo masculino degrad\u00ea baixo com franja A franja voltou com for\u00e7a nos \u00faltimos anos. Quando aparece acompanhada de um degrad\u00ea baixo, cria um visual jovem e atual. Corte de cabelo masculino degrad\u00ea baixo social Esse modelo agrada quem trabalha em ambientes corporativos. O acabamento discreto mant\u00e9m a eleg\u00e2ncia sem abrir m\u00e3o da modernidade. Corte de cabelo masculino degrad\u00ea baixo com topete O topete continua entre os estilos masculinos mais procurados. O degrad\u00ea cria contraste e ajuda o penteado a ganhar mais destaque. Corte de cabelo masculino degrad\u00ea baixo com barba A conex\u00e3o entre cabelo e barba cria um acabamento muito bonito. Um barbeiro experiente consegue fazer uma transi\u00e7\u00e3o suave que valoriza todo o rosto. Corte de cabelo masculino degrad\u00ea baixo freestyle Quem gosta de personalidade pode apostar nos desenhos e detalhes laterais. O degrad\u00ea baixo serve como base para destacar ainda mais esses elementos. Corte de cabelo masculino degrad\u00ea baixo com cabelo liso Os fios lisos facilitam bastante a defini\u00e7\u00e3o das linhas do corte. O resultado costuma ficar limpo, moderno e muito vers\u00e1til. Corte de cabelo masculino degrad\u00ea baixo com acabamento natural Nem todo mundo gosta de contrastes marcantes. Esse estilo aposta em uma transi\u00e7\u00e3o suave que cria um visual discreto e elegante. Corte de cabelo masculino degrad\u00ea baixo com corte franc\u00eas O corte franc\u00eas ganhou popularidade por sua praticidade. A combina\u00e7\u00e3o com degrad\u00ea baixo oferece um visual moderno sem exigir muito tempo para arrumar. Corte de cabelo masculino degrad\u00ea baixo com messy hair O efeito bagun\u00e7ado controlado continua em alta. Esse corte transmite naturalidade e funciona muito bem para quem gosta de um visual casual. Corte de cabelo masculino degrad\u00ea baixo com slick back O slick back penteia os fios para tr\u00e1s e transmite sofistica\u00e7\u00e3o. O degrad\u00ea baixo moderniza o estilo e evita que o visual pare\u00e7a antigo. Veja tamb\u00e9m: Corte Mullet Masculino Cacheado: Moderno e Cheio de Estilo Os cortes de cabelo masculino degrad\u00ea baixo continuam entre as escolhas mais populares porque unem praticidade, eleg\u00e2ncia e versatilidade. Existe uma op\u00e7\u00e3o para cada estilo, desde os visuais mais discretos at\u00e9 os mais ousados. Se eu tivesse que dar uma dica final, seria simples: escolha um corte que combine com sua rotina e personalidade. Tend\u00eancias passam, mas um visual que faz voc\u00ea se sentir bem sempre funciona. Agora que voc\u00ea conhece essas 20 ideias de corte degrad\u00ea baixo masculino, ficou muito mais f\u00e1cil chegar na barbearia sabendo exatamente o que pedir. Nos siga no instagram&nbsp;@blosospedro<\/p>\n","protected":false},"author":1,"featured_media":332,"comment_status":"open","ping_status":"open","sticky":false,"template":"","format":"standard","meta":{"_editorskit_title_hidden":false,"_editorskit_reading_time":0,"_editorskit_is_block_options_detached":false,"_editorskit_block_options_position":"{}","footnotes":""},"categories":[5],"tags":[],"class_list":["post-275","post","type-post","status-publish","format-standard","has-post-thumbnail","hentry","category-corte-de-cabelo"],"yoast_head":"<!-- This site is optimized with the Yoast SEO plugin v28.4 - https:\/\/yoast.com\/product\/yoast-seo-wordpress\/ -->\n<title>Cortes de Cabelo Masculino Degrad\u00ea Baixo: 20 Ideias Modernas<\/title>\n<meta name=\"description\" content=\"Cortes de cabelo masculino degrad\u00ea baixo que est\u00e3o em alta. Veja inspira\u00e7\u00f5es modernas, elegantes e vers\u00e1teis para renovar o visual.\" \/>\n<meta name=\"robots\" content=\"index, follow, max-snippet:-1, max-image-preview:large, max-video-preview:-1\" \/>\n<link rel=\"canonical\" href=\"https:\/\/sospedro.com.br\/cortes-de-cabelo-masculino-degrade-baixo-20-ideias-modernas\/\" \/>\n<meta property=\"og:locale\" content=\"pt_BR\" \/>\n<meta property=\"og:type\" content=\"article\" \/>\n<meta property=\"og:title\" content=\"Cortes de Cabelo Masculino Degrad\u00ea Baixo: 20 Ideias Modernas\" \/>\n<meta property=\"og:description\" content=\"Cortes de cabelo masculino degrad\u00ea baixo que est\u00e3o em alta. Veja inspira\u00e7\u00f5es modernas, elegantes e vers\u00e1teis para renovar o visual.\" \/>\n<meta property=\"og:url\" content=\"https:\/\/sospedro.com.br\/cortes-de-cabelo-masculino-degrade-baixo-20-ideias-modernas\/\" \/>\n<meta property=\"og:site_name\" content=\"S.O.S Pedro -\" \/>\n<meta property=\"article:published_time\" content=\"2026-07-14T06:00:00+00:00\" \/>\n<meta property=\"og:image\" content=\"https:\/\/sospedro.com.br\/wp-content\/uploads\/2026\/07\/Cortes-de-Cabelo-Masculino-Degrade-Baixo-20-Ideias-Modernas.jpg\" \/>\n\t<meta property=\"og:image:width\" content=\"1080\" \/>\n\t<meta property=\"og:image:height\" content=\"1080\" \/>\n\t<meta property=\"og:image:type\" content=\"image\/jpeg\" \/>\n<meta name=\"author\" content=\"Pedro\" \/>\n<meta name=\"twitter:card\" content=\"summary_large_image\" \/>\n<meta name=\"twitter:label1\" content=\"Escrito por\" \/>\n\t<meta name=\"twitter:data1\" content=\"Pedro\" \/>\n\t<meta name=\"twitter:label2\" content=\"Est. tempo de leitura\" \/>\n\t<meta name=\"twitter:data2\" content=\"9 minutos\" \/>\n<script type=\"application\/ld+json\" class=\"yoast-schema-graph\">{\"@context\":\"https:\\\/\\\/schema.org\",\"@graph\":[{\"@type\":\"Article\",\"@id\":\"https:\\\/\\\/sospedro.com.br\\\/cortes-de-cabelo-masculino-degrade-baixo-20-ideias-modernas\\\/#article\",\"isPartOf\":{\"@id\":\"https:\\\/\\\/sospedro.com.br\\\/cortes-de-cabelo-masculino-degrade-baixo-20-ideias-modernas\\\/\"},\"author\":{\"name\":\"Pedro\",\"@id\":\"https:\\\/\\\/sospedro.com.br\\\/#\\\/schema\\\/person\\\/bc6594718e46fa9a4ad93a0bc459109b\"},\"headline\":\"Cortes de Cabelo Masculino Degrad\u00ea Baixo: 20 Ideias Modernas\",\"datePublished\":\"2026-07-14T06:00:00+00:00\",\"mainEntityOfPage\":{\"@id\":\"https:\\\/\\\/sospedro.com.br\\\/cortes-de-cabelo-masculino-degrade-baixo-20-ideias-modernas\\\/\"},\"wordCount\":879,\"commentCount\":0,\"publisher\":{\"@id\":\"https:\\\/\\\/sospedro.com.br\\\/#\\\/schema\\\/person\\\/bc6594718e46fa9a4ad93a0bc459109b\"},\"image\":{\"@id\":\"https:\\\/\\\/sospedro.com.br\\\/cortes-de-cabelo-masculino-degrade-baixo-20-ideias-modernas\\\/#primaryimage\"},\"thumbnailUrl\":\"https:\\\/\\\/sospedro.com.br\\\/wp-content\\\/uploads\\\/2026\\\/07\\\/Cortes-de-Cabelo-Masculino-Degrade-Baixo-20-Ideias-Modernas.jpg\",\"articleSection\":[\"Corte de cabelo\"],\"inLanguage\":\"pt-BR\",\"potentialAction\":[{\"@type\":\"CommentAction\",\"name\":\"Comment\",\"target\":[\"https:\\\/\\\/sospedro.com.br\\\/cortes-de-cabelo-masculino-degrade-baixo-20-ideias-modernas\\\/#respond\"]}]},{\"@type\":\"WebPage\",\"@id\":\"https:\\\/\\\/sospedro.com.br\\\/cortes-de-cabelo-masculino-degrade-baixo-20-ideias-modernas\\\/\",\"url\":\"https:\\\/\\\/sospedro.com.br\\\/cortes-de-cabelo-masculino-degrade-baixo-20-ideias-modernas\\\/\",\"name\":\"Cortes de Cabelo Masculino Degrad\u00ea Baixo: 20 Ideias Modernas\",\"isPartOf\":{\"@id\":\"https:\\\/\\\/sospedro.com.br\\\/#website\"},\"primaryImageOfPage\":{\"@id\":\"https:\\\/\\\/sospedro.com.br\\\/cortes-de-cabelo-masculino-degrade-baixo-20-ideias-modernas\\\/#primaryimage\"},\"image\":{\"@id\":\"https:\\\/\\\/sospedro.com.br\\\/cortes-de-cabelo-masculino-degrade-baixo-20-ideias-modernas\\\/#primaryimage\"},\"thumbnailUrl\":\"https:\\\/\\\/sospedro.com.br\\\/wp-content\\\/uploads\\\/2026\\\/07\\\/Cortes-de-Cabelo-Masculino-Degrade-Baixo-20-Ideias-Modernas.jpg\",\"datePublished\":\"2026-07-14T06:00:00+00:00\",\"description\":\"Cortes de cabelo masculino degrad\u00ea baixo que est\u00e3o em alta. Veja inspira\u00e7\u00f5es modernas, elegantes e vers\u00e1teis para renovar o visual.\",\"breadcrumb\":{\"@id\":\"https:\\\/\\\/sospedro.com.br\\\/cortes-de-cabelo-masculino-degrade-baixo-20-ideias-modernas\\\/#breadcrumb\"},\"inLanguage\":\"pt-BR\",\"potentialAction\":[{\"@type\":\"ReadAction\",\"target\":[\"https:\\\/\\\/sospedro.com.br\\\/cortes-de-cabelo-masculino-degrade-baixo-20-ideias-modernas\\\/\"]}]},{\"@type\":\"ImageObject\",\"inLanguage\":\"pt-BR\",\"@id\":\"https:\\\/\\\/sospedro.com.br\\\/cortes-de-cabelo-masculino-degrade-baixo-20-ideias-modernas\\\/#primaryimage\",\"url\":\"https:\\\/\\\/sospedro.com.br\\\/wp-content\\\/uploads\\\/2026\\\/07\\\/Cortes-de-Cabelo-Masculino-Degrade-Baixo-20-Ideias-Modernas.jpg\",\"contentUrl\":\"https:\\\/\\\/sospedro.com.br\\\/wp-content\\\/uploads\\\/2026\\\/07\\\/Cortes-de-Cabelo-Masculino-Degrade-Baixo-20-Ideias-Modernas.jpg\",\"width\":1080,\"height\":1080,\"caption\":\"Cortes de Cabelo Masculino Degrad\u00ea Baixo: 20 Ideias Modernas\"},{\"@type\":\"BreadcrumbList\",\"@id\":\"https:\\\/\\\/sospedro.com.br\\\/cortes-de-cabelo-masculino-degrade-baixo-20-ideias-modernas\\\/#breadcrumb\",\"itemListElement\":[{\"@type\":\"ListItem\",\"position\":1,\"name\":\"In\u00edcio\",\"item\":\"https:\\\/\\\/sospedro.com.br\\\/\"},{\"@type\":\"ListItem\",\"position\":2,\"name\":\"Cortes de Cabelo Masculino Degrad\u00ea Baixo: 20 Ideias Modernas\"}]},{\"@type\":\"WebSite\",\"@id\":\"https:\\\/\\\/sospedro.com.br\\\/#website\",\"url\":\"https:\\\/\\\/sospedro.com.br\\\/\",\"name\":\"Blog S.O.S Pedro\",\"description\":\"Moda, beleza, tend\u00eancias e comportamento\",\"publisher\":{\"@id\":\"https:\\\/\\\/sospedro.com.br\\\/#\\\/schema\\\/person\\\/bc6594718e46fa9a4ad93a0bc459109b\"},\"potentialAction\":[{\"@type\":\"SearchAction\",\"target\":{\"@type\":\"EntryPoint\",\"urlTemplate\":\"https:\\\/\\\/sospedro.com.br\\\/?s={search_term_string}\"},\"query-input\":{\"@type\":\"PropertyValueSpecification\",\"valueRequired\":true,\"valueName\":\"search_term_string\"}}],\"inLanguage\":\"pt-BR\"},{\"@type\":[\"Person\",\"Organization\"],\"@id\":\"https:\\\/\\\/sospedro.com.br\\\/#\\\/schema\\\/person\\\/bc6594718e46fa9a4ad93a0bc459109b\",\"name\":\"Pedro\",\"image\":{\"@type\":\"ImageObject\",\"inLanguage\":\"pt-BR\",\"@id\":\"https:\\\/\\\/sospedro.com.br\\\/wp-content\\\/uploads\\\/2026\\\/06\\\/cropped-cropped-Artboard-1.png\",\"url\":\"https:\\\/\\\/sospedro.com.br\\\/wp-content\\\/uploads\\\/2026\\\/06\\\/cropped-cropped-Artboard-1.png\",\"contentUrl\":\"https:\\\/\\\/sospedro.com.br\\\/wp-content\\\/uploads\\\/2026\\\/06\\\/cropped-cropped-Artboard-1.png\",\"width\":864,\"height\":161,\"caption\":\"Pedro\"},\"logo\":{\"@id\":\"https:\\\/\\\/sospedro.com.br\\\/wp-content\\\/uploads\\\/2026\\\/06\\\/cropped-cropped-Artboard-1.png\"},\"sameAs\":[\"https:\\\/\\\/sospedro.com.br\"],\"url\":\"https:\\\/\\\/sospedro.com.br\\\/author\\\/pedro\\\/\"}]}<\/script>\n<!-- \/ Yoast SEO plugin. -->","yoast_head_json":{"title":"Cortes de Cabelo Masculino Degrad\u00ea Baixo: 20 Ideias Modernas","description":"Cortes de cabelo masculino degrad\u00ea baixo que est\u00e3o em alta. Veja inspira\u00e7\u00f5es modernas, elegantes e vers\u00e1teis para renovar o visual.","robots":{"index":"index","follow":"follow","max-snippet":"max-snippet:-1","max-image-preview":"max-image-preview:large","max-video-preview":"max-video-preview:-1"},"canonical":"https:\/\/sospedro.com.br\/cortes-de-cabelo-masculino-degrade-baixo-20-ideias-modernas\/","og_locale":"pt_BR","og_type":"article","og_title":"Cortes de Cabelo Masculino Degrad\u00ea Baixo: 20 Ideias Modernas","og_description":"Cortes de cabelo masculino degrad\u00ea baixo que est\u00e3o em alta. Veja inspira\u00e7\u00f5es modernas, elegantes e vers\u00e1teis para renovar o visual.","og_url":"https:\/\/sospedro.com.br\/cortes-de-cabelo-masculino-degrade-baixo-20-ideias-modernas\/","og_site_name":"S.O.S Pedro -","article_published_time":"2026-07-14T06:00:00+00:00","og_image":[{"width":1080,"height":1080,"url":"https:\/\/sospedro.com.br\/wp-content\/uploads\/2026\/07\/Cortes-de-Cabelo-Masculino-Degrade-Baixo-20-Ideias-Modernas.jpg","type":"image\/jpeg"}],"author":"Pedro","twitter_card":"summary_large_image","twitter_misc":{"Escrito por":"Pedro","Est. tempo de leitura":"9 minutos"},"schema":{"@context":"https:\/\/schema.org","@graph":[{"@type":"Article","@id":"https:\/\/sospedro.com.br\/cortes-de-cabelo-masculino-degrade-baixo-20-ideias-modernas\/#article","isPartOf":{"@id":"https:\/\/sospedro.com.br\/cortes-de-cabelo-masculino-degrade-baixo-20-ideias-modernas\/"},"author":{"name":"Pedro","@id":"https:\/\/sospedro.com.br\/#\/schema\/person\/bc6594718e46fa9a4ad93a0bc459109b"},"headline":"Cortes de Cabelo Masculino Degrad\u00ea Baixo: 20 Ideias Modernas","datePublished":"2026-07-14T06:00:00+00:00","mainEntityOfPage":{"@id":"https:\/\/sospedro.com.br\/cortes-de-cabelo-masculino-degrade-baixo-20-ideias-modernas\/"},"wordCount":879,"commentCount":0,"publisher":{"@id":"https:\/\/sospedro.com.br\/#\/schema\/person\/bc6594718e46fa9a4ad93a0bc459109b"},"image":{"@id":"https:\/\/sospedro.com.br\/cortes-de-cabelo-masculino-degrade-baixo-20-ideias-modernas\/#primaryimage"},"thumbnailUrl":"https:\/\/sospedro.com.br\/wp-content\/uploads\/2026\/07\/Cortes-de-Cabelo-Masculino-Degrade-Baixo-20-Ideias-Modernas.jpg","articleSection":["Corte de cabelo"],"inLanguage":"pt-BR","potentialAction":[{"@type":"CommentAction","name":"Comment","target":["https:\/\/sospedro.com.br\/cortes-de-cabelo-masculino-degrade-baixo-20-ideias-modernas\/#respond"]}]},{"@type":"WebPage","@id":"https:\/\/sospedro.com.br\/cortes-de-cabelo-masculino-degrade-baixo-20-ideias-modernas\/","url":"https:\/\/sospedro.com.br\/cortes-de-cabelo-masculino-degrade-baixo-20-ideias-modernas\/","name":"Cortes de Cabelo Masculino Degrad\u00ea Baixo: 20 Ideias Modernas","isPartOf":{"@id":"https:\/\/sospedro.com.br\/#website"},"primaryImageOfPage":{"@id":"https:\/\/sospedro.com.br\/cortes-de-cabelo-masculino-degrade-baixo-20-ideias-modernas\/#primaryimage"},"image":{"@id":"https:\/\/sospedro.com.br\/cortes-de-cabelo-masculino-degrade-baixo-20-ideias-modernas\/#primaryimage"},"thumbnailUrl":"https:\/\/sospedro.com.br\/wp-content\/uploads\/2026\/07\/Cortes-de-Cabelo-Masculino-Degrade-Baixo-20-Ideias-Modernas.jpg","datePublished":"2026-07-14T06:00:00+00:00","description":"Cortes de cabelo masculino degrad\u00ea baixo que est\u00e3o em alta. Veja inspira\u00e7\u00f5es modernas, elegantes e vers\u00e1teis para renovar o visual.","breadcrumb":{"@id":"https:\/\/sospedro.com.br\/cortes-de-cabelo-masculino-degrade-baixo-20-ideias-modernas\/#breadcrumb"},"inLanguage":"pt-BR","potentialAction":[{"@type":"ReadAction","target":["https:\/\/sospedro.com.br\/cortes-de-cabelo-masculino-degrade-baixo-20-ideias-modernas\/"]}]},{"@type":"ImageObject","inLanguage":"pt-BR","@id":"https:\/\/sospedro.com.br\/cortes-de-cabelo-masculino-degrade-baixo-20-ideias-modernas\/#primaryimage","url":"https:\/\/sospedro.com.br\/wp-content\/uploads\/2026\/07\/Cortes-de-Cabelo-Masculino-Degrade-Baixo-20-Ideias-Modernas.jpg","contentUrl":"https:\/\/sospedro.com.br\/wp-content\/uploads\/2026\/07\/Cortes-de-Cabelo-Masculino-Degrade-Baixo-20-Ideias-Modernas.jpg","width":1080,"height":1080,"caption":"Cortes de Cabelo Masculino Degrad\u00ea Baixo: 20 Ideias Modernas"},{"@type":"BreadcrumbList","@id":"https:\/\/sospedro.com.br\/cortes-de-cabelo-masculino-degrade-baixo-20-ideias-modernas\/#breadcrumb","itemListElement":[{"@type":"ListItem","position":1,"name":"In\u00edcio","item":"https:\/\/sospedro.com.br\/"},{"@type":"ListItem","position":2,"name":"Cortes de Cabelo Masculino Degrad\u00ea Baixo: 20 Ideias Modernas"}]},{"@type":"WebSite","@id":"https:\/\/sospedro.com.br\/#website","url":"https:\/\/sospedro.com.br\/","name":"Blog S.O.S Pedro","description":"Moda, beleza, tend\u00eancias e comportamento","publisher":{"@id":"https:\/\/sospedro.com.br\/#\/schema\/person\/bc6594718e46fa9a4ad93a0bc459109b"},"potentialAction":[{"@type":"SearchAction","target":{"@type":"EntryPoint","urlTemplate":"https:\/\/sospedro.com.br\/?s={search_term_string}"},"query-input":{"@type":"PropertyValueSpecification","valueRequired":true,"valueName":"search_term_string"}}],"inLanguage":"pt-BR"},{"@type":["Person","Organization"],"@id":"https:\/\/sospedro.com.br\/#\/schema\/person\/bc6594718e46fa9a4ad93a0bc459109b","name":"Pedro","image":{"@type":"ImageObject","inLanguage":"pt-BR","@id":"https:\/\/sospedro.com.br\/wp-content\/uploads\/2026\/06\/cropped-cropped-Artboard-1.png","url":"https:\/\/sospedro.com.br\/wp-content\/uploads\/2026\/06\/cropped-cropped-Artboard-1.png","contentUrl":"https:\/\/sospedro.com.br\/wp-content\/uploads\/2026\/06\/cropped-cropped-Artboard-1.png","width":864,"height":161,"caption":"Pedro"},"logo":{"@id":"https:\/\/sospedro.com.br\/wp-content\/uploads\/2026\/06\/cropped-cropped-Artboard-1.png"},"sameAs":["https:\/\/sospedro.com.br"],"url":"https:\/\/sospedro.com.br\/author\/pedro\/"}]}},"_links":{"self":[{"href":"https:\/\/sospedro.com.br\/wp-json\/wp\/v2\/posts\/275","targetHints":{"allow":["GET"]}}],"collection":[{"href":"https:\/\/sospedro.com.br\/wp-json\/wp\/v2\/posts"}],"about":[{"href":"https:\/\/sospedro.com.br\/wp-json\/wp\/v2\/types\/post"}],"author":[{"embeddable":true,"href":"https:\/\/sospedro.com.br\/wp-json\/wp\/v2\/users\/1"}],"replies":[{"embeddable":true,"href":"https:\/\/sospedro.com.br\/wp-json\/wp\/v2\/comments?post=275"}],"version-history":[{"count":5,"href":"https:\/\/sospedro.com.br\/wp-json\/wp\/v2\/posts\/275\/revisions"}],"predecessor-version":[{"id":335,"href":"https:\/\/sospedro.com.br\/wp-json\/wp\/v2\/posts\/275\/revisions\/335"}],"wp:featuredmedia":[{"embeddable":true,"href":"https:\/\/sospedro.com.br\/wp-json\/wp\/v2\/media\/332"}],"wp:attachment":[{"href":"https:\/\/sospedro.com.br\/wp-json\/wp\/v2\/media?parent=275"}],"wp:term":[{"taxonomy":"category","embeddable":true,"href":"https:\/\/sospedro.com.br\/wp-json\/wp\/v2\/categories?post=275"},{"taxonomy":"post_tag","embeddable":true,"href":"https:\/\/sospedro.com.br\/wp-json\/wp\/v2\/tags?post=275"}],"curies":[{"name":"wp","href":"https:\/\/api.w.org\/{rel}","templated":true}]}}