{"id":286,"date":"2026-08-10T21:02:32","date_gmt":"2026-08-10T21:02:32","guid":{"rendered":"https:\/\/sospedro.com.br\/?p=286"},"modified":"2026-08-10T21:02:33","modified_gmt":"2026-08-10T21:02:33","slug":"corte-de-cabelo-afro-15-ideias-com-degrade","status":"publish","type":"post","link":"https:\/\/sospedro.com.br\/corte-de-cabelo-afro-15-ideias-com-degrade\/","title":{"rendered":"Corte de cabelo afro: 15 ideias com degrad\u00ea para renovar o visual"},"content":{"rendered":"\n<p class=\"wp-block-paragraph\">Encontrar o <strong>corte de cabelo afro<\/strong> perfeito nem sempre \u00e9 uma tarefa simples. Existem tantas op\u00e7\u00f5es que fica dif\u00edcil decidir qual combina mais com seu estilo. A boa not\u00edcia \u00e9 que o degrad\u00ea transformou os cortes afro e abriu espa\u00e7o para visuais modernos, elegantes e cheios de personalidade.<\/p>\n\n\n\n<p class=\"wp-block-paragraph\">Sempre que vejo um corte afro bem feito com degrad\u00ea, fico impressionado com o resultado. O contraste entre as laterais e a textura natural dos fios valoriza muito o cabelo. E vamos combinar? Um fade bem executado faz qualquer corte parecer ainda mais estiloso.<\/p>\n\n\n\n<p class=\"wp-block-paragraph\">Se voc\u00ea est\u00e1 procurando inspira\u00e7\u00e3o para a pr\u00f3xima visita \u00e0 barbearia, confira <strong>15 ideias de corte de cabelo afro com degrad\u00ea<\/strong> que est\u00e3o entre as maiores tend\u00eancias.<\/p>\n\n\n\n<h2 class=\"wp-block-heading\">Corte de cabelo afro: por que o degrad\u00ea faz tanto sucesso?<\/h2>\n\n\n\n<p class=\"wp-block-paragraph\">O <strong>corte de cabelo afro<\/strong> j\u00e1 possui bastante personalidade por causa da textura natural dos fios. Quando o barbeiro adiciona um degrad\u00ea, ele cria contraste, define melhor o formato do rosto e deixa o visual muito mais moderno.<\/p>\n\n\n\n<p class=\"wp-block-paragraph\">Outro ponto positivo \u00e9 a versatilidade. O <strong>degrad\u00ea corte de cabelo afro masculino<\/strong> funciona em cabelos curtos, m\u00e9dios ou volumosos, permitindo in\u00fameras combina\u00e7\u00f5es.<\/p>\n\n\n\n<h1 class=\"wp-block-heading\">15 ideias de corte de cabelo afro com degrad\u00ea<\/h1>\n\n\n\n<h2 class=\"wp-block-heading\">1. Corte de cabelo afro com low fade<\/h2>\n\n\n\n<figure class=\"wp-block-image size-full\"><img loading=\"lazy\" decoding=\"async\" width=\"735\" height=\"1019\" src=\"https:\/\/sospedro.com.br\/wp-content\/uploads\/2026\/06\/Corte-de-cabelo-afro-com-low-fade.jpeg\" alt=\"\" class=\"wp-image-536\" srcset=\"https:\/\/sospedro.com.br\/wp-content\/uploads\/2026\/06\/Corte-de-cabelo-afro-com-low-fade.jpeg 735w, https:\/\/sospedro.com.br\/wp-content\/uploads\/2026\/06\/Corte-de-cabelo-afro-com-low-fade-216x300.jpeg 216w, https:\/\/sospedro.com.br\/wp-content\/uploads\/2026\/06\/Corte-de-cabelo-afro-com-low-fade-150x208.jpeg 150w\" sizes=\"auto, (max-width: 735px) 100vw, 735px\" \/><\/figure>\n\n\n\n<p class=\"wp-block-paragraph\">O degrad\u00ea baixo cria uma transi\u00e7\u00e3o suave nas laterais. Essa op\u00e7\u00e3o combina com quem prefere um visual discreto, mas ainda quer um acabamento moderno.<\/p>\n\n\n\n<h2 class=\"wp-block-heading\">2. Corte de cabelo afro com mid fade<\/h2>\n\n\n\n<figure class=\"wp-block-image size-full\"><img loading=\"lazy\" decoding=\"async\" width=\"640\" height=\"610\" src=\"https:\/\/sospedro.com.br\/wp-content\/uploads\/2026\/08\/Corte-de-cabelo-afro-com-mid-fade.jpeg\" alt=\"\" class=\"wp-image-537\" srcset=\"https:\/\/sospedro.com.br\/wp-content\/uploads\/2026\/08\/Corte-de-cabelo-afro-com-mid-fade.jpeg 640w, https:\/\/sospedro.com.br\/wp-content\/uploads\/2026\/08\/Corte-de-cabelo-afro-com-mid-fade-300x286.jpeg 300w, https:\/\/sospedro.com.br\/wp-content\/uploads\/2026\/08\/Corte-de-cabelo-afro-com-mid-fade-150x143.jpeg 150w\" sizes=\"auto, (max-width: 640px) 100vw, 640px\" \/><\/figure>\n\n\n\n<p class=\"wp-block-paragraph\">O fade m\u00e9dio oferece equil\u00edbrio entre eleg\u00e2ncia e personalidade. Eu gosto bastante dessa vers\u00e3o porque ela valoriza praticamente qualquer formato de rosto.<\/p>\n\n\n\n<h2 class=\"wp-block-heading\">3. Corte de cabelo afro com high fade<\/h2>\n\n\n\n<figure class=\"wp-block-image size-full\"><img loading=\"lazy\" decoding=\"async\" width=\"564\" height=\"494\" src=\"https:\/\/sospedro.com.br\/wp-content\/uploads\/2026\/08\/Corte-de-cabelo-afro-com-high-fade.jpg\" alt=\"\" class=\"wp-image-538\" srcset=\"https:\/\/sospedro.com.br\/wp-content\/uploads\/2026\/08\/Corte-de-cabelo-afro-com-high-fade.jpg 564w, https:\/\/sospedro.com.br\/wp-content\/uploads\/2026\/08\/Corte-de-cabelo-afro-com-high-fade-300x263.jpg 300w, https:\/\/sospedro.com.br\/wp-content\/uploads\/2026\/08\/Corte-de-cabelo-afro-com-high-fade-150x131.jpg 150w\" sizes=\"auto, (max-width: 564px) 100vw, 564px\" \/><\/figure>\n\n\n\n<p class=\"wp-block-paragraph\">Aqui o degrad\u00ea sobe bastante nas laterais. O contraste destaca o topo do cabelo e cria um visual marcante.<\/p>\n\n\n\n<h2 class=\"wp-block-heading\">4. Corte de cabelo afro com skin fade<\/h2>\n\n\n\n<figure class=\"wp-block-image size-full\"><img loading=\"lazy\" decoding=\"async\" width=\"720\" height=\"720\" src=\"https:\/\/sospedro.com.br\/wp-content\/uploads\/2026\/08\/Corte-de-cabelo-afro-com-skin-fade.jpg\" alt=\"\" class=\"wp-image-539\" srcset=\"https:\/\/sospedro.com.br\/wp-content\/uploads\/2026\/08\/Corte-de-cabelo-afro-com-skin-fade.jpg 720w, https:\/\/sospedro.com.br\/wp-content\/uploads\/2026\/08\/Corte-de-cabelo-afro-com-skin-fade-300x300.jpg 300w, https:\/\/sospedro.com.br\/wp-content\/uploads\/2026\/08\/Corte-de-cabelo-afro-com-skin-fade-150x150.jpg 150w, https:\/\/sospedro.com.br\/wp-content\/uploads\/2026\/08\/Corte-de-cabelo-afro-com-skin-fade-75x75.jpg 75w, https:\/\/sospedro.com.br\/wp-content\/uploads\/2026\/08\/Corte-de-cabelo-afro-com-skin-fade-96x96.jpg 96w\" sizes=\"auto, (max-width: 720px) 100vw, 720px\" \/><\/figure>\n\n\n\n<p class=\"wp-block-paragraph\">O degrad\u00ea chega completamente \u00e0 pele. Esse acabamento deixa o corte extremamente limpo e moderno.<\/p>\n\n\n\n<h2 class=\"wp-block-heading\">5. Corte de cabelo afro com black power curto<\/h2>\n\n\n\n<figure class=\"wp-block-image size-full\"><img loading=\"lazy\" decoding=\"async\" width=\"735\" height=\"981\" src=\"https:\/\/sospedro.com.br\/wp-content\/uploads\/2026\/08\/Corte-de-cabelo-afro-com-black-power-curto.jpeg\" alt=\"\" class=\"wp-image-540\" srcset=\"https:\/\/sospedro.com.br\/wp-content\/uploads\/2026\/08\/Corte-de-cabelo-afro-com-black-power-curto.jpeg 735w, https:\/\/sospedro.com.br\/wp-content\/uploads\/2026\/08\/Corte-de-cabelo-afro-com-black-power-curto-225x300.jpeg 225w, https:\/\/sospedro.com.br\/wp-content\/uploads\/2026\/08\/Corte-de-cabelo-afro-com-black-power-curto-640x853.jpeg 640w, https:\/\/sospedro.com.br\/wp-content\/uploads\/2026\/08\/Corte-de-cabelo-afro-com-black-power-curto-150x200.jpeg 150w\" sizes=\"auto, (max-width: 735px) 100vw, 735px\" \/><\/figure>\n\n\n\n<p class=\"wp-block-paragraph\">Quem gosta de volume pode apostar nessa combina\u00e7\u00e3o. O topo mant\u00e9m a textura natural enquanto o fade deixa tudo mais organizado.<\/p>\n\n\n\n<h2 class=\"wp-block-heading\">6. Corte de cabelo afro com black power m\u00e9dio<\/h2>\n\n\n\n<figure class=\"wp-block-image size-full\"><img loading=\"lazy\" decoding=\"async\" width=\"736\" height=\"1004\" src=\"https:\/\/sospedro.com.br\/wp-content\/uploads\/2026\/08\/Corte-de-cabelo-afro-com-black-power-medio.jpeg\" alt=\"\" class=\"wp-image-541\" srcset=\"https:\/\/sospedro.com.br\/wp-content\/uploads\/2026\/08\/Corte-de-cabelo-afro-com-black-power-medio.jpeg 736w, https:\/\/sospedro.com.br\/wp-content\/uploads\/2026\/08\/Corte-de-cabelo-afro-com-black-power-medio-220x300.jpeg 220w, https:\/\/sospedro.com.br\/wp-content\/uploads\/2026\/08\/Corte-de-cabelo-afro-com-black-power-medio-150x205.jpeg 150w\" sizes=\"auto, (max-width: 736px) 100vw, 736px\" \/><\/figure>\n\n\n\n<p class=\"wp-block-paragraph\">Essa vers\u00e3o oferece ainda mais destaque ao cabelo. O contraste entre o volume e as laterais cria um visual cheio de atitude.<\/p>\n\n\n\n<h2 class=\"wp-block-heading\">7. Corte de cabelo afro com topo texturizado<\/h2>\n\n\n\n<figure class=\"wp-block-image size-large\"><img loading=\"lazy\" decoding=\"async\" width=\"683\" height=\"1024\" src=\"https:\/\/sospedro.com.br\/wp-content\/uploads\/2026\/08\/Corte-de-cabelo-afro-com-topo-texturizado-683x1024.jpeg\" alt=\"\" class=\"wp-image-542\" srcset=\"https:\/\/sospedro.com.br\/wp-content\/uploads\/2026\/08\/Corte-de-cabelo-afro-com-topo-texturizado-683x1024.jpeg 683w, https:\/\/sospedro.com.br\/wp-content\/uploads\/2026\/08\/Corte-de-cabelo-afro-com-topo-texturizado-200x300.jpeg 200w, https:\/\/sospedro.com.br\/wp-content\/uploads\/2026\/08\/Corte-de-cabelo-afro-com-topo-texturizado-150x225.jpeg 150w, https:\/\/sospedro.com.br\/wp-content\/uploads\/2026\/08\/Corte-de-cabelo-afro-com-topo-texturizado.jpeg 736w\" sizes=\"auto, (max-width: 683px) 100vw, 683px\" \/><\/figure>\n\n\n\n<p class=\"wp-block-paragraph\">A textura natural j\u00e1 faz grande parte do trabalho. Com um bom acabamento, o resultado fica moderno sem precisar de muito esfor\u00e7o.<\/p>\n\n\n\n<h2 class=\"wp-block-heading\">8. Corte de cabelo afro com barba degrad\u00ea<\/h2>\n\n\n\n<figure class=\"wp-block-image size-large is-resized\"><img loading=\"lazy\" decoding=\"async\" width=\"631\" height=\"1024\" src=\"https:\/\/sospedro.com.br\/wp-content\/uploads\/2026\/08\/Corte-de-cabelo-afro-com-barba-degrade-631x1024.jpeg\" alt=\"\" class=\"wp-image-543\" style=\"width:631px;height:auto\" srcset=\"https:\/\/sospedro.com.br\/wp-content\/uploads\/2026\/08\/Corte-de-cabelo-afro-com-barba-degrade-631x1024.jpeg 631w, https:\/\/sospedro.com.br\/wp-content\/uploads\/2026\/08\/Corte-de-cabelo-afro-com-barba-degrade-185x300.jpeg 185w, https:\/\/sospedro.com.br\/wp-content\/uploads\/2026\/08\/Corte-de-cabelo-afro-com-barba-degrade-150x243.jpeg 150w, https:\/\/sospedro.com.br\/wp-content\/uploads\/2026\/08\/Corte-de-cabelo-afro-com-barba-degrade.jpeg 736w\" sizes=\"auto, (max-width: 631px) 100vw, 631px\" \/><\/figure>\n\n\n\n<p class=\"wp-block-paragraph\">A barba acompanha o fade das laterais. Essa continuidade cria um acabamento elegante e muito sofisticado.<\/p>\n\n\n\n<h2 class=\"wp-block-heading\">9. Corte de cabelo afro com risco<\/h2>\n\n\n\n<figure class=\"wp-block-image size-large\"><img loading=\"lazy\" decoding=\"async\" width=\"586\" height=\"1024\" src=\"https:\/\/sospedro.com.br\/wp-content\/uploads\/2026\/08\/Corte-de-cabelo-afro-com-risca-586x1024.jpeg\" alt=\"\" class=\"wp-image-544\" srcset=\"https:\/\/sospedro.com.br\/wp-content\/uploads\/2026\/08\/Corte-de-cabelo-afro-com-risca-586x1024.jpeg 586w, https:\/\/sospedro.com.br\/wp-content\/uploads\/2026\/08\/Corte-de-cabelo-afro-com-risca-172x300.jpeg 172w, https:\/\/sospedro.com.br\/wp-content\/uploads\/2026\/08\/Corte-de-cabelo-afro-com-risca-150x262.jpeg 150w, https:\/\/sospedro.com.br\/wp-content\/uploads\/2026\/08\/Corte-de-cabelo-afro-com-risca.jpeg 687w\" sizes=\"auto, (max-width: 586px) 100vw, 586px\" \/><\/figure>\n\n\n\n<p class=\"wp-block-paragraph\">Uma pequena risco feito na navalha transforma completamente o visual. \u00c9 um detalhe simples que adiciona bastante personalidade.<\/p>\n\n\n\n<h2 class=\"wp-block-heading\">10. Corte de cabelo afro com desenho<\/h2>\n\n\n\n<figure class=\"wp-block-image size-large\"><img loading=\"lazy\" decoding=\"async\" width=\"576\" height=\"1024\" src=\"https:\/\/sospedro.com.br\/wp-content\/uploads\/2026\/08\/Cortes-de-cabelo-americano-576x1024.jpeg\" alt=\"\" class=\"wp-image-546\" srcset=\"https:\/\/sospedro.com.br\/wp-content\/uploads\/2026\/08\/Cortes-de-cabelo-americano-576x1024.jpeg 576w, https:\/\/sospedro.com.br\/wp-content\/uploads\/2026\/08\/Cortes-de-cabelo-americano-169x300.jpeg 169w, https:\/\/sospedro.com.br\/wp-content\/uploads\/2026\/08\/Cortes-de-cabelo-americano-150x267.jpeg 150w, https:\/\/sospedro.com.br\/wp-content\/uploads\/2026\/08\/Cortes-de-cabelo-americano.jpeg 736w\" sizes=\"auto, (max-width: 576px) 100vw, 576px\" \/><\/figure>\n\n\n\n<p class=\"wp-block-paragraph\">Alguns barbeiros criam desenhos personalizados nas laterais. Essa op\u00e7\u00e3o combina com quem gosta de um estilo mais criativo.<\/p>\n\n\n\n<h2 class=\"wp-block-heading\">11. Corte de cabelo afro com acabamento natural<\/h2>\n\n\n\n<figure class=\"wp-block-image size-full\"><img loading=\"lazy\" decoding=\"async\" width=\"564\" height=\"644\" src=\"https:\/\/sospedro.com.br\/wp-content\/uploads\/2026\/08\/351912467391047.jpeg\" alt=\"\" class=\"wp-image-547\" srcset=\"https:\/\/sospedro.com.br\/wp-content\/uploads\/2026\/08\/351912467391047.jpeg 564w, https:\/\/sospedro.com.br\/wp-content\/uploads\/2026\/08\/351912467391047-263x300.jpeg 263w, https:\/\/sospedro.com.br\/wp-content\/uploads\/2026\/08\/351912467391047-150x171.jpeg 150w\" sizes=\"auto, (max-width: 564px) 100vw, 564px\" \/><\/figure>\n\n\n\n<p class=\"wp-block-paragraph\">Nem todo fade precisa ser extremamente marcado. Um degrad\u00ea suave oferece um resultado elegante para o dia a dia.<\/p>\n\n\n\n<h2 class=\"wp-block-heading\">12. Corte de cabelo afro com topo alto<\/h2>\n\n\n\n<figure class=\"wp-block-image size-full\"><img loading=\"lazy\" decoding=\"async\" width=\"736\" height=\"752\" src=\"https:\/\/sospedro.com.br\/wp-content\/uploads\/2026\/08\/2744449765629795.jpeg\" alt=\"\" class=\"wp-image-548\" srcset=\"https:\/\/sospedro.com.br\/wp-content\/uploads\/2026\/08\/2744449765629795.jpeg 736w, https:\/\/sospedro.com.br\/wp-content\/uploads\/2026\/08\/2744449765629795-294x300.jpeg 294w, https:\/\/sospedro.com.br\/wp-content\/uploads\/2026\/08\/2744449765629795-150x153.jpeg 150w\" sizes=\"auto, (max-width: 736px) 100vw, 736px\" \/><\/figure>\n\n\n\n<p class=\"wp-block-paragraph\">O volume fica concentrado na parte superior. Essa vers\u00e3o destaca a textura dos fios e cria um visual moderno.<\/p>\n\n\n\n<h2 class=\"wp-block-heading\">13. Corte de cabelo afro curto com degrad\u00ea<\/h2>\n\n\n\n<figure class=\"wp-block-image size-large\"><img loading=\"lazy\" decoding=\"async\" width=\"576\" height=\"1024\" src=\"https:\/\/sospedro.com.br\/wp-content\/uploads\/2026\/08\/Top-Black-Mens-Hairstyles-to-Rock-in-2025-576x1024.jpeg\" alt=\"\" class=\"wp-image-549\" srcset=\"https:\/\/sospedro.com.br\/wp-content\/uploads\/2026\/08\/Top-Black-Mens-Hairstyles-to-Rock-in-2025-576x1024.jpeg 576w, https:\/\/sospedro.com.br\/wp-content\/uploads\/2026\/08\/Top-Black-Mens-Hairstyles-to-Rock-in-2025-169x300.jpeg 169w, https:\/\/sospedro.com.br\/wp-content\/uploads\/2026\/08\/Top-Black-Mens-Hairstyles-to-Rock-in-2025-150x267.jpeg 150w, https:\/\/sospedro.com.br\/wp-content\/uploads\/2026\/08\/Top-Black-Mens-Hairstyles-to-Rock-in-2025.jpeg 736w\" sizes=\"auto, (max-width: 576px) 100vw, 576px\" \/><\/figure>\n\n\n\n<p class=\"wp-block-paragraph\">Quem prefere praticidade costuma escolher esse modelo. Al\u00e9m de bonito, ele exige pouca manuten\u00e7\u00e3o di\u00e1ria.<\/p>\n\n\n\n<h2 class=\"wp-block-heading\">14. Corte de cabelo afro com acabamento geom\u00e9trico<\/h2>\n\n\n\n<figure class=\"wp-block-image size-full\"><img loading=\"lazy\" decoding=\"async\" width=\"736\" height=\"915\" src=\"https:\/\/sospedro.com.br\/wp-content\/uploads\/2026\/08\/@-Joshxbarber.jpeg\" alt=\"\" class=\"wp-image-550\" srcset=\"https:\/\/sospedro.com.br\/wp-content\/uploads\/2026\/08\/@-Joshxbarber.jpeg 736w, https:\/\/sospedro.com.br\/wp-content\/uploads\/2026\/08\/@-Joshxbarber-241x300.jpeg 241w, https:\/\/sospedro.com.br\/wp-content\/uploads\/2026\/08\/@-Joshxbarber-150x186.jpeg 150w\" sizes=\"auto, (max-width: 736px) 100vw, 736px\" \/><\/figure>\n\n\n\n<p class=\"wp-block-paragraph\">O barbeiro define as linhas da testa e das laterais com bastante precis\u00e3o. Esse acabamento transmite uma apar\u00eancia extremamente organizada.<\/p>\n\n\n\n<h2 class=\"wp-block-heading\">15. Corte de cabelo afro com degrad\u00ea cl\u00e1ssico<\/h2>\n\n\n\n<figure class=\"wp-block-image size-large\"><img loading=\"lazy\" decoding=\"async\" width=\"683\" height=\"1024\" src=\"https:\/\/sospedro.com.br\/wp-content\/uploads\/2026\/08\/transferir-50-683x1024.jpeg\" alt=\"\" class=\"wp-image-551\" srcset=\"https:\/\/sospedro.com.br\/wp-content\/uploads\/2026\/08\/transferir-50-683x1024.jpeg 683w, https:\/\/sospedro.com.br\/wp-content\/uploads\/2026\/08\/transferir-50-200x300.jpeg 200w, https:\/\/sospedro.com.br\/wp-content\/uploads\/2026\/08\/transferir-50-150x225.jpeg 150w, https:\/\/sospedro.com.br\/wp-content\/uploads\/2026\/08\/transferir-50.jpeg 736w\" sizes=\"auto, (max-width: 683px) 100vw, 683px\" \/><\/figure>\n\n\n\n<p class=\"wp-block-paragraph\">O cl\u00e1ssico nunca sai de moda. Esse modelo combina topo bem definido, laterais em fade e acabamento limpo, funcionando para praticamente qualquer ocasi\u00e3o.<\/p>\n\n\n\n<h2 class=\"wp-block-heading\">Corte de cabelo afro: como escolher o modelo ideal?<\/h2>\n\n\n\n<p class=\"wp-block-paragraph\">Antes de escolher um <strong>corte de cabelo afro<\/strong>, vale observar alguns detalhes. Considere o formato do seu rosto, o volume natural dos fios e o tempo que voc\u00ea pretende dedicar \u00e0 manuten\u00e7\u00e3o. Conversar com um barbeiro experiente tamb\u00e9m ajuda bastante.<\/p>\n\n\n\n<p class=\"wp-block-paragraph\">Nem sempre o corte que ficou incr\u00edvel em outra pessoa ser\u00e1 o melhor para voc\u00ea. E tudo bem. O objetivo \u00e9 encontrar um estilo que valorize suas caracter\u00edsticas.<\/p>\n\n\n\n<h2 class=\"wp-block-heading\">Como manter o corte de cabelo afro sempre bonito<\/h2>\n\n\n\n<p class=\"wp-block-paragraph\">Depois de fazer o corte, alguns cuidados ajudam bastante.<\/p>\n\n\n\n<ul class=\"wp-block-list\">\n<li><strong>Fa\u00e7a manuten\u00e7\u00e3o do degrad\u00ea a cada duas ou tr\u00eas semanas.<\/strong><\/li>\n\n\n\n<li><strong>Hidrate o cabelo regularmente.<\/strong><\/li>\n\n\n\n<li><strong>Utilize creme espec\u00edfico para cabelos crespos ou cacheados.<\/strong><\/li>\n\n\n\n<li><strong>Durma com touca ou fronha de cetim para reduzir o frizz.<\/strong><\/li>\n\n\n\n<li><strong>Evite excesso de produtos que ressequem os fios.<\/strong><\/li>\n<\/ul>\n\n\n\n<p class=\"wp-block-paragraph\">Esses cuidados mant\u00eam o corte bonito por muito mais tempo.<\/p>\n\n\n\n<h2 class=\"wp-block-heading\">Corte de cabelo afro com degrad\u00ea vale a pena?<\/h2>\n\n\n\n<p class=\"wp-block-paragraph\">O <strong>degrad\u00ea corte de cabelo afro masculino<\/strong> oferece um visual moderno sem esconder a textura natural dos fios. Pelo contr\u00e1rio, ele valoriza ainda mais as caracter\u00edsticas do cabelo afro.<\/p>\n\n\n\n<p class=\"wp-block-paragraph\">Al\u00e9m disso, existem op\u00e7\u00f5es discretas, cl\u00e1ssicas e ousadas para todos os estilos.<\/p>\n\n\n\n<p class=\"wp-block-paragraph\"><strong>Veja tamb\u00e9m:<\/strong> <a href=\"https:\/\/sospedro.com.br\/corte-tigela-20-ideias-modernas-para-renovar-o-visual\/\" class=\"ek-link\">Corte tigela: 20 ideias para renovar o visual<\/a> <\/p>\n\n\n\n<p class=\"wp-block-paragraph\">O <strong>corte de cabelo afro<\/strong> com degrad\u00ea continua entre as maiores tend\u00eancias da barbearia masculina. A combina\u00e7\u00e3o entre textura natural, fade e acabamento bem definido cria um visual elegante, moderno e cheio de personalidade.<\/p>\n\n\n\n<p class=\"wp-block-paragraph\">Agora que voc\u00ea conheceu <strong>15 ideias de corte de cabelo afro com degrad\u00ea<\/strong>, escolha suas inspira\u00e7\u00f5es favoritas e leve as refer\u00eancias para o barbeiro. Um bom corte faz diferen\u00e7a no visual e tamb\u00e9m na confian\u00e7a. Afinal, poucas sensa\u00e7\u00f5es superam sair da barbearia, olhar no espelho e pensar: &#8220;Agora sim ficou do jeito que eu queria.&#8221;<\/p>\n\n\n\n<p class=\"has-text-align-center wp-block-paragraph\">Nos siga no instagram&nbsp;<a href=\"https:\/\/www.instagram.com\/blogsospedro\/\">@blosospedro<\/a><\/p>\n","protected":false},"excerpt":{"rendered":"<p>Encontrar o corte de cabelo afro perfeito nem sempre \u00e9 uma tarefa simples. Existem tantas op\u00e7\u00f5es que fica dif\u00edcil decidir qual combina mais com seu estilo. A boa not\u00edcia \u00e9 que o degrad\u00ea transformou os cortes afro e abriu espa\u00e7o para visuais modernos, elegantes e cheios de personalidade. Sempre que vejo um corte afro bem feito com degrad\u00ea, fico impressionado com o resultado. O contraste entre as laterais e a textura natural dos fios valoriza muito o cabelo. E vamos combinar? Um fade bem executado faz qualquer corte parecer ainda mais estiloso. Se voc\u00ea est\u00e1 procurando inspira\u00e7\u00e3o para a pr\u00f3xima visita \u00e0 barbearia, confira 15 ideias de corte de cabelo afro com degrad\u00ea que est\u00e3o entre as maiores tend\u00eancias. Corte de cabelo afro: por que o degrad\u00ea faz tanto sucesso? O corte de cabelo afro j\u00e1 possui bastante personalidade por causa da textura natural dos fios. Quando o barbeiro adiciona um degrad\u00ea, ele cria contraste, define melhor o formato do rosto e deixa o visual muito mais moderno. Outro ponto positivo \u00e9 a versatilidade. O degrad\u00ea corte de cabelo afro masculino funciona em cabelos curtos, m\u00e9dios ou volumosos, permitindo in\u00fameras combina\u00e7\u00f5es. 15 ideias de corte de cabelo afro com degrad\u00ea 1. Corte de cabelo afro com low fade O degrad\u00ea baixo cria uma transi\u00e7\u00e3o suave nas laterais. Essa op\u00e7\u00e3o combina com quem prefere um visual discreto, mas ainda quer um acabamento moderno. 2. Corte de cabelo afro com mid fade O fade m\u00e9dio oferece equil\u00edbrio entre eleg\u00e2ncia e personalidade. Eu gosto bastante dessa vers\u00e3o porque ela valoriza praticamente qualquer formato de rosto. 3. Corte de cabelo afro com high fade Aqui o degrad\u00ea sobe bastante nas laterais. O contraste destaca o topo do cabelo e cria um visual marcante. 4. Corte de cabelo afro com skin fade O degrad\u00ea chega completamente \u00e0 pele. Esse acabamento deixa o corte extremamente limpo e moderno. 5. Corte de cabelo afro com black power curto Quem gosta de volume pode apostar nessa combina\u00e7\u00e3o. O topo mant\u00e9m a textura natural enquanto o fade deixa tudo mais organizado. 6. Corte de cabelo afro com black power m\u00e9dio Essa vers\u00e3o oferece ainda mais destaque ao cabelo. O contraste entre o volume e as laterais cria um visual cheio de atitude. 7. Corte de cabelo afro com topo texturizado A textura natural j\u00e1 faz grande parte do trabalho. Com um bom acabamento, o resultado fica moderno sem precisar de muito esfor\u00e7o. 8. Corte de cabelo afro com barba degrad\u00ea A barba acompanha o fade das laterais. Essa continuidade cria um acabamento elegante e muito sofisticado. 9. Corte de cabelo afro com risco Uma pequena risco feito na navalha transforma completamente o visual. \u00c9 um detalhe simples que adiciona bastante personalidade. 10. Corte de cabelo afro com desenho Alguns barbeiros criam desenhos personalizados nas laterais. Essa op\u00e7\u00e3o combina com quem gosta de um estilo mais criativo. 11. Corte de cabelo afro com acabamento natural Nem todo fade precisa ser extremamente marcado. Um degrad\u00ea suave oferece um resultado elegante para o dia a dia. 12. Corte de cabelo afro com topo alto O volume fica concentrado na parte superior. Essa vers\u00e3o destaca a textura dos fios e cria um visual moderno. 13. Corte de cabelo afro curto com degrad\u00ea Quem prefere praticidade costuma escolher esse modelo. Al\u00e9m de bonito, ele exige pouca manuten\u00e7\u00e3o di\u00e1ria. 14. Corte de cabelo afro com acabamento geom\u00e9trico O barbeiro define as linhas da testa e das laterais com bastante precis\u00e3o. Esse acabamento transmite uma apar\u00eancia extremamente organizada. 15. Corte de cabelo afro com degrad\u00ea cl\u00e1ssico O cl\u00e1ssico nunca sai de moda. Esse modelo combina topo bem definido, laterais em fade e acabamento limpo, funcionando para praticamente qualquer ocasi\u00e3o. Corte de cabelo afro: como escolher o modelo ideal? Antes de escolher um corte de cabelo afro, vale observar alguns detalhes. Considere o formato do seu rosto, o volume natural dos fios e o tempo que voc\u00ea pretende dedicar \u00e0 manuten\u00e7\u00e3o. Conversar com um barbeiro experiente tamb\u00e9m ajuda bastante. Nem sempre o corte que ficou incr\u00edvel em outra pessoa ser\u00e1 o melhor para voc\u00ea. E tudo bem. O objetivo \u00e9 encontrar um estilo que valorize suas caracter\u00edsticas. Como manter o corte de cabelo afro sempre bonito Depois de fazer o corte, alguns cuidados ajudam bastante. Esses cuidados mant\u00eam o corte bonito por muito mais tempo. Corte de cabelo afro com degrad\u00ea vale a pena? O degrad\u00ea corte de cabelo afro masculino oferece um visual moderno sem esconder a textura natural dos fios. Pelo contr\u00e1rio, ele valoriza ainda mais as caracter\u00edsticas do cabelo afro. Al\u00e9m disso, existem op\u00e7\u00f5es discretas, cl\u00e1ssicas e ousadas para todos os estilos. Veja tamb\u00e9m: Corte tigela: 20 ideias para renovar o visual O corte de cabelo afro com degrad\u00ea continua entre as maiores tend\u00eancias da barbearia masculina. A combina\u00e7\u00e3o entre textura natural, fade e acabamento bem definido cria um visual elegante, moderno e cheio de personalidade. Agora que voc\u00ea conheceu 15 ideias de corte de cabelo afro com degrad\u00ea, escolha suas inspira\u00e7\u00f5es favoritas e leve as refer\u00eancias para o barbeiro. Um bom corte faz diferen\u00e7a no visual e tamb\u00e9m na confian\u00e7a. Afinal, poucas sensa\u00e7\u00f5es superam sair da barbearia, olhar no espelho e pensar: &#8220;Agora sim ficou do jeito que eu queria.&#8221; Nos siga no instagram&nbsp;@blosospedro<\/p>\n","protected":false},"author":1,"featured_media":552,"comment_status":"open","ping_status":"open","sticky":false,"template":"","format":"standard","meta":{"_editorskit_title_hidden":false,"_editorskit_reading_time":0,"_editorskit_is_block_options_detached":false,"_editorskit_block_options_position":"{}","footnotes":""},"categories":[5],"tags":[],"class_list":["post-286","post","type-post","status-publish","format-standard","has-post-thumbnail","hentry","category-corte-de-cabelo"],"yoast_head":"<!-- This site is optimized with the Yoast SEO plugin v28.4 - https:\/\/yoast.com\/product\/yoast-seo-wordpress\/ -->\n<title>Corte de cabelo afro: 15 ideias com degrad\u00ea para renovar o visual<\/title>\n<meta name=\"description\" content=\"Descubra 15 ideias de corte de cabelo afro com degrad\u00ea. Inspire-se com modelos modernos e escolha o estilo ideal para renovar o visual.\" \/>\n<meta name=\"robots\" content=\"index, follow, max-snippet:-1, max-image-preview:large, max-video-preview:-1\" \/>\n<link rel=\"canonical\" href=\"https:\/\/sospedro.com.br\/corte-de-cabelo-afro-15-ideias-com-degrade\/\" \/>\n<meta property=\"og:locale\" content=\"pt_BR\" \/>\n<meta property=\"og:type\" content=\"article\" \/>\n<meta property=\"og:title\" content=\"Corte de cabelo afro: 15 ideias com degrad\u00ea para renovar o visual\" \/>\n<meta property=\"og:description\" content=\"Descubra 15 ideias de corte de cabelo afro com degrad\u00ea. Inspire-se com modelos modernos e escolha o estilo ideal para renovar o visual.\" \/>\n<meta property=\"og:url\" content=\"https:\/\/sospedro.com.br\/corte-de-cabelo-afro-15-ideias-com-degrade\/\" \/>\n<meta property=\"og:site_name\" content=\"S.O.S Pedro -\" \/>\n<meta property=\"article:published_time\" content=\"2026-08-10T21:02:32+00:00\" \/>\n<meta property=\"article:modified_time\" content=\"2026-08-10T21:02:33+00:00\" \/>\n<meta property=\"og:image\" content=\"https:\/\/sospedro.com.br\/wp-content\/uploads\/2026\/08\/Corte-de-cabelo-afro-15-ideias-com-degrade-para-renovar-o-visual.png\" \/>\n\t<meta property=\"og:image:width\" content=\"1080\" \/>\n\t<meta property=\"og:image:height\" content=\"1080\" \/>\n\t<meta property=\"og:image:type\" content=\"image\/png\" \/>\n<meta name=\"author\" content=\"Pedro\" \/>\n<meta name=\"twitter:card\" content=\"summary_large_image\" \/>\n<meta name=\"twitter:label1\" content=\"Escrito por\" \/>\n\t<meta name=\"twitter:data1\" content=\"Pedro\" \/>\n\t<meta name=\"twitter:label2\" content=\"Est. tempo de leitura\" \/>\n\t<meta name=\"twitter:data2\" content=\"9 minutos\" \/>\n<script type=\"application\/ld+json\" class=\"yoast-schema-graph\">{\"@context\":\"https:\\\/\\\/schema.org\",\"@graph\":[{\"@type\":\"Article\",\"@id\":\"https:\\\/\\\/sospedro.com.br\\\/corte-de-cabelo-afro-15-ideias-com-degrade\\\/#article\",\"isPartOf\":{\"@id\":\"https:\\\/\\\/sospedro.com.br\\\/corte-de-cabelo-afro-15-ideias-com-degrade\\\/\"},\"author\":{\"name\":\"Pedro\",\"@id\":\"https:\\\/\\\/sospedro.com.br\\\/#\\\/schema\\\/person\\\/bc6594718e46fa9a4ad93a0bc459109b\"},\"headline\":\"Corte de cabelo afro: 15 ideias com degrad\u00ea para renovar o visual\",\"datePublished\":\"2026-08-10T21:02:32+00:00\",\"dateModified\":\"2026-08-10T21:02:33+00:00\",\"mainEntityOfPage\":{\"@id\":\"https:\\\/\\\/sospedro.com.br\\\/corte-de-cabelo-afro-15-ideias-com-degrade\\\/\"},\"wordCount\":954,\"commentCount\":0,\"publisher\":{\"@id\":\"https:\\\/\\\/sospedro.com.br\\\/#\\\/schema\\\/person\\\/bc6594718e46fa9a4ad93a0bc459109b\"},\"image\":{\"@id\":\"https:\\\/\\\/sospedro.com.br\\\/corte-de-cabelo-afro-15-ideias-com-degrade\\\/#primaryimage\"},\"thumbnailUrl\":\"https:\\\/\\\/sospedro.com.br\\\/wp-content\\\/uploads\\\/2026\\\/08\\\/Corte-de-cabelo-afro-15-ideias-com-degrade-para-renovar-o-visual.png\",\"articleSection\":[\"Corte de cabelo\"],\"inLanguage\":\"pt-BR\",\"potentialAction\":[{\"@type\":\"CommentAction\",\"name\":\"Comment\",\"target\":[\"https:\\\/\\\/sospedro.com.br\\\/corte-de-cabelo-afro-15-ideias-com-degrade\\\/#respond\"]}]},{\"@type\":\"WebPage\",\"@id\":\"https:\\\/\\\/sospedro.com.br\\\/corte-de-cabelo-afro-15-ideias-com-degrade\\\/\",\"url\":\"https:\\\/\\\/sospedro.com.br\\\/corte-de-cabelo-afro-15-ideias-com-degrade\\\/\",\"name\":\"Corte de cabelo afro: 15 ideias com degrad\u00ea para renovar o visual\",\"isPartOf\":{\"@id\":\"https:\\\/\\\/sospedro.com.br\\\/#website\"},\"primaryImageOfPage\":{\"@id\":\"https:\\\/\\\/sospedro.com.br\\\/corte-de-cabelo-afro-15-ideias-com-degrade\\\/#primaryimage\"},\"image\":{\"@id\":\"https:\\\/\\\/sospedro.com.br\\\/corte-de-cabelo-afro-15-ideias-com-degrade\\\/#primaryimage\"},\"thumbnailUrl\":\"https:\\\/\\\/sospedro.com.br\\\/wp-content\\\/uploads\\\/2026\\\/08\\\/Corte-de-cabelo-afro-15-ideias-com-degrade-para-renovar-o-visual.png\",\"datePublished\":\"2026-08-10T21:02:32+00:00\",\"dateModified\":\"2026-08-10T21:02:33+00:00\",\"description\":\"Descubra 15 ideias de corte de cabelo afro com degrad\u00ea. Inspire-se com modelos modernos e escolha o estilo ideal para renovar o visual.\",\"breadcrumb\":{\"@id\":\"https:\\\/\\\/sospedro.com.br\\\/corte-de-cabelo-afro-15-ideias-com-degrade\\\/#breadcrumb\"},\"inLanguage\":\"pt-BR\",\"potentialAction\":[{\"@type\":\"ReadAction\",\"target\":[\"https:\\\/\\\/sospedro.com.br\\\/corte-de-cabelo-afro-15-ideias-com-degrade\\\/\"]}]},{\"@type\":\"ImageObject\",\"inLanguage\":\"pt-BR\",\"@id\":\"https:\\\/\\\/sospedro.com.br\\\/corte-de-cabelo-afro-15-ideias-com-degrade\\\/#primaryimage\",\"url\":\"https:\\\/\\\/sospedro.com.br\\\/wp-content\\\/uploads\\\/2026\\\/08\\\/Corte-de-cabelo-afro-15-ideias-com-degrade-para-renovar-o-visual.png\",\"contentUrl\":\"https:\\\/\\\/sospedro.com.br\\\/wp-content\\\/uploads\\\/2026\\\/08\\\/Corte-de-cabelo-afro-15-ideias-com-degrade-para-renovar-o-visual.png\",\"width\":1080,\"height\":1080,\"caption\":\"Corte de cabelo afro: 15 ideias com degrad\u00ea para renovar o visual\"},{\"@type\":\"BreadcrumbList\",\"@id\":\"https:\\\/\\\/sospedro.com.br\\\/corte-de-cabelo-afro-15-ideias-com-degrade\\\/#breadcrumb\",\"itemListElement\":[{\"@type\":\"ListItem\",\"position\":1,\"name\":\"In\u00edcio\",\"item\":\"https:\\\/\\\/sospedro.com.br\\\/\"},{\"@type\":\"ListItem\",\"position\":2,\"name\":\"Corte de cabelo afro: 15 ideias com degrad\u00ea para renovar o visual\"}]},{\"@type\":\"WebSite\",\"@id\":\"https:\\\/\\\/sospedro.com.br\\\/#website\",\"url\":\"https:\\\/\\\/sospedro.com.br\\\/\",\"name\":\"Blog S.O.S Pedro\",\"description\":\"Moda, beleza, tend\u00eancias e comportamento\",\"publisher\":{\"@id\":\"https:\\\/\\\/sospedro.com.br\\\/#\\\/schema\\\/person\\\/bc6594718e46fa9a4ad93a0bc459109b\"},\"potentialAction\":[{\"@type\":\"SearchAction\",\"target\":{\"@type\":\"EntryPoint\",\"urlTemplate\":\"https:\\\/\\\/sospedro.com.br\\\/?s={search_term_string}\"},\"query-input\":{\"@type\":\"PropertyValueSpecification\",\"valueRequired\":true,\"valueName\":\"search_term_string\"}}],\"inLanguage\":\"pt-BR\"},{\"@type\":[\"Person\",\"Organization\"],\"@id\":\"https:\\\/\\\/sospedro.com.br\\\/#\\\/schema\\\/person\\\/bc6594718e46fa9a4ad93a0bc459109b\",\"name\":\"Pedro\",\"image\":{\"@type\":\"ImageObject\",\"inLanguage\":\"pt-BR\",\"@id\":\"https:\\\/\\\/sospedro.com.br\\\/wp-content\\\/uploads\\\/2026\\\/06\\\/cropped-cropped-Artboard-1.png\",\"url\":\"https:\\\/\\\/sospedro.com.br\\\/wp-content\\\/uploads\\\/2026\\\/06\\\/cropped-cropped-Artboard-1.png\",\"contentUrl\":\"https:\\\/\\\/sospedro.com.br\\\/wp-content\\\/uploads\\\/2026\\\/06\\\/cropped-cropped-Artboard-1.png\",\"width\":864,\"height\":161,\"caption\":\"Pedro\"},\"logo\":{\"@id\":\"https:\\\/\\\/sospedro.com.br\\\/wp-content\\\/uploads\\\/2026\\\/06\\\/cropped-cropped-Artboard-1.png\"},\"sameAs\":[\"https:\\\/\\\/sospedro.com.br\"],\"url\":\"https:\\\/\\\/sospedro.com.br\\\/author\\\/pedro\\\/\"}]}<\/script>\n<!-- \/ Yoast SEO plugin. -->","yoast_head_json":{"title":"Corte de cabelo afro: 15 ideias com degrad\u00ea para renovar o visual","description":"Descubra 15 ideias de corte de cabelo afro com degrad\u00ea. Inspire-se com modelos modernos e escolha o estilo ideal para renovar o visual.","robots":{"index":"index","follow":"follow","max-snippet":"max-snippet:-1","max-image-preview":"max-image-preview:large","max-video-preview":"max-video-preview:-1"},"canonical":"https:\/\/sospedro.com.br\/corte-de-cabelo-afro-15-ideias-com-degrade\/","og_locale":"pt_BR","og_type":"article","og_title":"Corte de cabelo afro: 15 ideias com degrad\u00ea para renovar o visual","og_description":"Descubra 15 ideias de corte de cabelo afro com degrad\u00ea. Inspire-se com modelos modernos e escolha o estilo ideal para renovar o visual.","og_url":"https:\/\/sospedro.com.br\/corte-de-cabelo-afro-15-ideias-com-degrade\/","og_site_name":"S.O.S Pedro -","article_published_time":"2026-08-10T21:02:32+00:00","article_modified_time":"2026-08-10T21:02:33+00:00","og_image":[{"width":1080,"height":1080,"url":"https:\/\/sospedro.com.br\/wp-content\/uploads\/2026\/08\/Corte-de-cabelo-afro-15-ideias-com-degrade-para-renovar-o-visual.png","type":"image\/png"}],"author":"Pedro","twitter_card":"summary_large_image","twitter_misc":{"Escrito por":"Pedro","Est. tempo de leitura":"9 minutos"},"schema":{"@context":"https:\/\/schema.org","@graph":[{"@type":"Article","@id":"https:\/\/sospedro.com.br\/corte-de-cabelo-afro-15-ideias-com-degrade\/#article","isPartOf":{"@id":"https:\/\/sospedro.com.br\/corte-de-cabelo-afro-15-ideias-com-degrade\/"},"author":{"name":"Pedro","@id":"https:\/\/sospedro.com.br\/#\/schema\/person\/bc6594718e46fa9a4ad93a0bc459109b"},"headline":"Corte de cabelo afro: 15 ideias com degrad\u00ea para renovar o visual","datePublished":"2026-08-10T21:02:32+00:00","dateModified":"2026-08-10T21:02:33+00:00","mainEntityOfPage":{"@id":"https:\/\/sospedro.com.br\/corte-de-cabelo-afro-15-ideias-com-degrade\/"},"wordCount":954,"commentCount":0,"publisher":{"@id":"https:\/\/sospedro.com.br\/#\/schema\/person\/bc6594718e46fa9a4ad93a0bc459109b"},"image":{"@id":"https:\/\/sospedro.com.br\/corte-de-cabelo-afro-15-ideias-com-degrade\/#primaryimage"},"thumbnailUrl":"https:\/\/sospedro.com.br\/wp-content\/uploads\/2026\/08\/Corte-de-cabelo-afro-15-ideias-com-degrade-para-renovar-o-visual.png","articleSection":["Corte de cabelo"],"inLanguage":"pt-BR","potentialAction":[{"@type":"CommentAction","name":"Comment","target":["https:\/\/sospedro.com.br\/corte-de-cabelo-afro-15-ideias-com-degrade\/#respond"]}]},{"@type":"WebPage","@id":"https:\/\/sospedro.com.br\/corte-de-cabelo-afro-15-ideias-com-degrade\/","url":"https:\/\/sospedro.com.br\/corte-de-cabelo-afro-15-ideias-com-degrade\/","name":"Corte de cabelo afro: 15 ideias com degrad\u00ea para renovar o visual","isPartOf":{"@id":"https:\/\/sospedro.com.br\/#website"},"primaryImageOfPage":{"@id":"https:\/\/sospedro.com.br\/corte-de-cabelo-afro-15-ideias-com-degrade\/#primaryimage"},"image":{"@id":"https:\/\/sospedro.com.br\/corte-de-cabelo-afro-15-ideias-com-degrade\/#primaryimage"},"thumbnailUrl":"https:\/\/sospedro.com.br\/wp-content\/uploads\/2026\/08\/Corte-de-cabelo-afro-15-ideias-com-degrade-para-renovar-o-visual.png","datePublished":"2026-08-10T21:02:32+00:00","dateModified":"2026-08-10T21:02:33+00:00","description":"Descubra 15 ideias de corte de cabelo afro com degrad\u00ea. Inspire-se com modelos modernos e escolha o estilo ideal para renovar o visual.","breadcrumb":{"@id":"https:\/\/sospedro.com.br\/corte-de-cabelo-afro-15-ideias-com-degrade\/#breadcrumb"},"inLanguage":"pt-BR","potentialAction":[{"@type":"ReadAction","target":["https:\/\/sospedro.com.br\/corte-de-cabelo-afro-15-ideias-com-degrade\/"]}]},{"@type":"ImageObject","inLanguage":"pt-BR","@id":"https:\/\/sospedro.com.br\/corte-de-cabelo-afro-15-ideias-com-degrade\/#primaryimage","url":"https:\/\/sospedro.com.br\/wp-content\/uploads\/2026\/08\/Corte-de-cabelo-afro-15-ideias-com-degrade-para-renovar-o-visual.png","contentUrl":"https:\/\/sospedro.com.br\/wp-content\/uploads\/2026\/08\/Corte-de-cabelo-afro-15-ideias-com-degrade-para-renovar-o-visual.png","width":1080,"height":1080,"caption":"Corte de cabelo afro: 15 ideias com degrad\u00ea para renovar o visual"},{"@type":"BreadcrumbList","@id":"https:\/\/sospedro.com.br\/corte-de-cabelo-afro-15-ideias-com-degrade\/#breadcrumb","itemListElement":[{"@type":"ListItem","position":1,"name":"In\u00edcio","item":"https:\/\/sospedro.com.br\/"},{"@type":"ListItem","position":2,"name":"Corte de cabelo afro: 15 ideias com degrad\u00ea para renovar o visual"}]},{"@type":"WebSite","@id":"https:\/\/sospedro.com.br\/#website","url":"https:\/\/sospedro.com.br\/","name":"Blog S.O.S Pedro","description":"Moda, beleza, tend\u00eancias e comportamento","publisher":{"@id":"https:\/\/sospedro.com.br\/#\/schema\/person\/bc6594718e46fa9a4ad93a0bc459109b"},"potentialAction":[{"@type":"SearchAction","target":{"@type":"EntryPoint","urlTemplate":"https:\/\/sospedro.com.br\/?s={search_term_string}"},"query-input":{"@type":"PropertyValueSpecification","valueRequired":true,"valueName":"search_term_string"}}],"inLanguage":"pt-BR"},{"@type":["Person","Organization"],"@id":"https:\/\/sospedro.com.br\/#\/schema\/person\/bc6594718e46fa9a4ad93a0bc459109b","name":"Pedro","image":{"@type":"ImageObject","inLanguage":"pt-BR","@id":"https:\/\/sospedro.com.br\/wp-content\/uploads\/2026\/06\/cropped-cropped-Artboard-1.png","url":"https:\/\/sospedro.com.br\/wp-content\/uploads\/2026\/06\/cropped-cropped-Artboard-1.png","contentUrl":"https:\/\/sospedro.com.br\/wp-content\/uploads\/2026\/06\/cropped-cropped-Artboard-1.png","width":864,"height":161,"caption":"Pedro"},"logo":{"@id":"https:\/\/sospedro.com.br\/wp-content\/uploads\/2026\/06\/cropped-cropped-Artboard-1.png"},"sameAs":["https:\/\/sospedro.com.br"],"url":"https:\/\/sospedro.com.br\/author\/pedro\/"}]}},"_links":{"self":[{"href":"https:\/\/sospedro.com.br\/wp-json\/wp\/v2\/posts\/286","targetHints":{"allow":["GET"]}}],"collection":[{"href":"https:\/\/sospedro.com.br\/wp-json\/wp\/v2\/posts"}],"about":[{"href":"https:\/\/sospedro.com.br\/wp-json\/wp\/v2\/types\/post"}],"author":[{"embeddable":true,"href":"https:\/\/sospedro.com.br\/wp-json\/wp\/v2\/users\/1"}],"replies":[{"embeddable":true,"href":"https:\/\/sospedro.com.br\/wp-json\/wp\/v2\/comments?post=286"}],"version-history":[{"count":2,"href":"https:\/\/sospedro.com.br\/wp-json\/wp\/v2\/posts\/286\/revisions"}],"predecessor-version":[{"id":553,"href":"https:\/\/sospedro.com.br\/wp-json\/wp\/v2\/posts\/286\/revisions\/553"}],"wp:featuredmedia":[{"embeddable":true,"href":"https:\/\/sospedro.com.br\/wp-json\/wp\/v2\/media\/552"}],"wp:attachment":[{"href":"https:\/\/sospedro.com.br\/wp-json\/wp\/v2\/media?parent=286"}],"wp:term":[{"taxonomy":"category","embeddable":true,"href":"https:\/\/sospedro.com.br\/wp-json\/wp\/v2\/categories?post=286"},{"taxonomy":"post_tag","embeddable":true,"href":"https:\/\/sospedro.com.br\/wp-json\/wp\/v2\/tags?post=286"}],"curies":[{"name":"wp","href":"https:\/\/api.w.org\/{rel}","templated":true}]}}